{"id":6028,"date":"2019-02-10T12:44:00","date_gmt":"2019-02-10T11:44:00","guid":{"rendered":"https:\/\/marcorank.com\/?p=6028"},"modified":"2021-03-01T15:04:39","modified_gmt":"2021-03-01T14:04:39","slug":"maua-halo","status":"publish","type":"post","link":"https:\/\/marcorank.com\/de\/maua-halo\/","title":{"rendered":"Die Eisnebelhalos von Jena"},"content":{"rendered":"\n<p>In den vergangenen Jahren 2017-2019 traten wiederholt seltene Ph\u00e4nomene mit Eisnebelhalos in Jena-Maua auf.<\/p>\n\n\n\n<!--more-->\n<!--noteaser-->\n\n\n\n<div class=\"wp-block-image\"><figure class=\"aligncenter\"><img loading=\"lazy\" decoding=\"async\" width=\"2048\" height=\"1365\" src=\"https:\/\/marcorank.com\/wp-content\/uploads\/2019\/02\/181117-052-Edit2_2048.jpg\" alt=\"\" class=\"wp-image-6352\" srcset=\"https:\/\/marcorank.com\/wp-content\/uploads\/2019\/02\/181117-052-Edit2_2048.jpg 2048w, https:\/\/marcorank.com\/wp-content\/uploads\/2019\/02\/181117-052-Edit2_2048-300x200.jpg 300w, https:\/\/marcorank.com\/wp-content\/uploads\/2019\/02\/181117-052-Edit2_2048-768x512.jpg 768w, https:\/\/marcorank.com\/wp-content\/uploads\/2019\/02\/181117-052-Edit2_2048-1024x683.jpg 1024w, https:\/\/marcorank.com\/wp-content\/uploads\/2019\/02\/181117-052-Edit2_2048-75x50.jpg 75w, https:\/\/marcorank.com\/wp-content\/uploads\/2019\/02\/181117-052-Edit2_2048-650x433.jpg 650w, https:\/\/marcorank.com\/wp-content\/uploads\/2019\/02\/181117-052-Edit2_2048-1000x667.jpg 1000w, https:\/\/marcorank.com\/wp-content\/uploads\/2019\/02\/181117-052-Edit2_2048-50x33.jpg 50w\" sizes=\"auto, (max-width: 2048px) 100vw, 2048px\" \/><\/figure><\/div>\n\n\n\n<h3 class=\"has-text-align-center wp-block-heading\">Die Eisnebelhalos von Jena<\/h3>\n\n\n\n<p>Seit mindestens zehn Jahren fasziniert mich das nebeldurchflutete Saaletal. Die umliegenden Muschelkalkh\u00e4nge bieten viele M\u00f6glichkeiten, morgens \u00fcber den Nebel zu steigen und spannende Perspektiven zu entdecken. Die j\u00fcngsten Ereignisse haben mich veranlasst, das Folgende aufzuschreiben:<\/p>\n\n\n\n<center><a>Die Chronologie der Ereignisse (zum Datum springen):<\/a><br><a href=\"#170122\"><b>22.01.2017<\/b><\/a><b> | <a href=\"#170219\">19.02.2017<\/a> | <a href=\"#180321\">21.03.2018<\/a> | <a href=\"#181116\">16.11.2018<\/a> | <a href=\"#181117\">17.11.2018<\/a><\/b><br><\/center>\n\n\n\n<div style=\"height:22px\" aria-hidden=\"true\" class=\"wp-block-spacer\"><\/div>\n\n\n\n<h3 class=\"has-text-align-center wp-block-heading\" id=\"170122\">22.01.2017<\/h3>\n\n\n\n<p>Am 22.01.2017 hatten wir eine Hochdruckwetterlage mit Bodeninversion. Der Nebel schwankte zwischen 50m (AGL) und 250m (a.s.l.) und l\u00f6ste sich nach 8:30 Uhr (MEZ) langsam nach S\u00fcden (Richtung Kahla) auf. Von meinem Beobachtungspunkt (M\u00f6nchsberg) hatte ich eine gute Sicht auf die Nebelgrenze. Anders als normal wurde etwas sichtbar: ein Licht schimmerte auf dem Nebel &#8211; ein Halo. Gegen 9:00 Uhr wurde das folgende Bild aufgenommen (Sonnenh\u00f6he 8\u00b0):<\/p>\n\n\n\n<div class=\"wp-block-image\"><figure class=\"aligncenter\"><img loading=\"lazy\" decoding=\"async\" width=\"2048\" height=\"1365\" src=\"https:\/\/marcorank.com\/wp-content\/uploads\/2019\/03\/170122-5-032_2048.jpg\" alt=\"\" class=\"wp-image-6339\" srcset=\"https:\/\/marcorank.com\/wp-content\/uploads\/2019\/03\/170122-5-032_2048.jpg 2048w, https:\/\/marcorank.com\/wp-content\/uploads\/2019\/03\/170122-5-032_2048-300x200.jpg 300w, https:\/\/marcorank.com\/wp-content\/uploads\/2019\/03\/170122-5-032_2048-768x512.jpg 768w, https:\/\/marcorank.com\/wp-content\/uploads\/2019\/03\/170122-5-032_2048-1024x683.jpg 1024w, https:\/\/marcorank.com\/wp-content\/uploads\/2019\/03\/170122-5-032_2048-75x50.jpg 75w, https:\/\/marcorank.com\/wp-content\/uploads\/2019\/03\/170122-5-032_2048-650x433.jpg 650w, https:\/\/marcorank.com\/wp-content\/uploads\/2019\/03\/170122-5-032_2048-1000x667.jpg 1000w, https:\/\/marcorank.com\/wp-content\/uploads\/2019\/03\/170122-5-032_2048-50x33.jpg 50w\" sizes=\"auto, (max-width: 2048px) 100vw, 2048px\" \/><figcaption><a href=\"https:\/\/www.meteoros.de\/themen\/halos\/haloarten\/ee454647\/\" target=\"_blank\" rel=\"noreferrer noopener\" aria-label=\"22\u00b0-Unternebensonne (opens in a new tab)\">22\u00b0-Unternebensonne<\/a> (links) and <a rel=\"noreferrer noopener\" aria-label=\"Untere Lichts\u00e4ule (opens in a new tab)\" href=\"https:\/\/www.meteoros.de\/themen\/halos\/haloarten\/ee09\/\" target=\"_blank\">Untere Lichts\u00e4ule<\/a> (rechts)<\/figcaption><\/figure><\/div>\n\n\n\n<h3 class=\"has-text-align-center wp-block-heading\">Was ist das?<\/h3>\n\n\n\n<p>Wird Licht an Eiskristallen gebrochen und reflektiert, kann ein visuell sichtbarer (aber meist schwacher) Halo entstehen. W\u00e4hrend man ihn meist an Cirrus-Bew\u00f6lkung sieht, kann er sich ebenso bei Eisnebel oder auf Schneedecken bilden.<\/p>\n\n\n\n<p>Ich fuhr also auf den Eisnebel zu und sah pl\u00f6tzlich, wie alles zu glitzern begann. Nun erschienen verschiedene Halos um die Sonne herum. Etwa um 9:45 Uhr (Sonnenh\u00f6he 10-12\u00b0) zwischen Leutra und Maua entstanden die folgenden Bilder:<\/p>\n\n\n\n<div class=\"wp-block-image\"><figure class=\"aligncenter\"><img loading=\"lazy\" decoding=\"async\" width=\"2048\" height=\"1365\" src=\"https:\/\/marcorank.com\/wp-content\/uploads\/2019\/03\/170122-5-065_2048.jpg\" alt=\"\" class=\"wp-image-6340\" srcset=\"https:\/\/marcorank.com\/wp-content\/uploads\/2019\/03\/170122-5-065_2048.jpg 2048w, https:\/\/marcorank.com\/wp-content\/uploads\/2019\/03\/170122-5-065_2048-300x200.jpg 300w, https:\/\/marcorank.com\/wp-content\/uploads\/2019\/03\/170122-5-065_2048-768x512.jpg 768w, https:\/\/marcorank.com\/wp-content\/uploads\/2019\/03\/170122-5-065_2048-1024x683.jpg 1024w, https:\/\/marcorank.com\/wp-content\/uploads\/2019\/03\/170122-5-065_2048-75x50.jpg 75w, https:\/\/marcorank.com\/wp-content\/uploads\/2019\/03\/170122-5-065_2048-650x433.jpg 650w, https:\/\/marcorank.com\/wp-content\/uploads\/2019\/03\/170122-5-065_2048-1000x667.jpg 1000w, https:\/\/marcorank.com\/wp-content\/uploads\/2019\/03\/170122-5-065_2048-50x33.jpg 50w\" sizes=\"auto, (max-width: 2048px) 100vw, 2048px\" \/><figcaption>22\u00b0-Ring + beide 22\u00b0-Nebensonnen + beide Lichts\u00e4ulen + beide 22\u00b0-Unternebensonnen<\/figcaption><\/figure><\/div>\n\n\n\n<div class=\"wp-block-image\"><figure class=\"aligncenter\"><img loading=\"lazy\" decoding=\"async\" width=\"2048\" height=\"1365\" src=\"https:\/\/marcorank.com\/wp-content\/uploads\/2019\/03\/170122-5-088_2048.jpg\" alt=\"\" class=\"wp-image-6341\" srcset=\"https:\/\/marcorank.com\/wp-content\/uploads\/2019\/03\/170122-5-088_2048.jpg 2048w, https:\/\/marcorank.com\/wp-content\/uploads\/2019\/03\/170122-5-088_2048-300x200.jpg 300w, https:\/\/marcorank.com\/wp-content\/uploads\/2019\/03\/170122-5-088_2048-768x512.jpg 768w, https:\/\/marcorank.com\/wp-content\/uploads\/2019\/03\/170122-5-088_2048-1024x683.jpg 1024w, https:\/\/marcorank.com\/wp-content\/uploads\/2019\/03\/170122-5-088_2048-75x50.jpg 75w, https:\/\/marcorank.com\/wp-content\/uploads\/2019\/03\/170122-5-088_2048-650x433.jpg 650w, https:\/\/marcorank.com\/wp-content\/uploads\/2019\/03\/170122-5-088_2048-1000x667.jpg 1000w, https:\/\/marcorank.com\/wp-content\/uploads\/2019\/03\/170122-5-088_2048-50x33.jpg 50w\" sizes=\"auto, (max-width: 2048px) 100vw, 2048px\" \/><figcaption>Linke 120\u00b0-Nebensonne und Horizontalkreis<\/figcaption><\/figure><\/div>\n\n\n\n<p>Generell ist die Beobachtung rund um Jena-Maua sehr schwierig. Eine Barriere stellt die neu gebaute Br\u00fccke der B88 mit Kreisverkehr und Autobahnauf- und -abfahrten dar. Schnelle Ortswechsel sind kaum m\u00f6glich.<\/p>\n\n\n\n<p>Die n\u00e4chste Beobachtung gelang dann um etwa 10:20 Uhr bei einem Sonnenstand von ca. 14\u00b0. Das Lichtkreuz vor der Sonne wurde sehr deutlich. Der ganze Halo war recht beeindruckend. So etwas hatte ich noch nie zuvor gesehen.<\/p>\n\n\n\n<figure class=\"wp-block-gallery columns-2 is-cropped wp-block-gallery-1 is-layout-flex wp-block-gallery-is-layout-flex\"><ul class=\"blocks-gallery-grid\"><li class=\"blocks-gallery-item\"><figure><a href=\"https:\/\/marcorank.com\/wp-content\/uploads\/2019\/03\/170122-5-120_2048-683x1024.jpg\"><img loading=\"lazy\" decoding=\"async\" width=\"683\" height=\"1024\" src=\"https:\/\/marcorank.com\/wp-content\/uploads\/2019\/03\/170122-5-120_2048-683x1024.jpg\" alt=\"\" data-id=\"4812\" data-link=\"https:\/\/marcorank.com\/2019\/02\/10\/maua-halo\/170122-5-120_2048\/\" class=\"wp-image-4812\" srcset=\"https:\/\/marcorank.com\/wp-content\/uploads\/2019\/03\/170122-5-120_2048-683x1024.jpg 683w, https:\/\/marcorank.com\/wp-content\/uploads\/2019\/03\/170122-5-120_2048-200x300.jpg 200w, https:\/\/marcorank.com\/wp-content\/uploads\/2019\/03\/170122-5-120_2048-768x1152.jpg 768w, https:\/\/marcorank.com\/wp-content\/uploads\/2019\/03\/170122-5-120_2048-33x50.jpg 33w, https:\/\/marcorank.com\/wp-content\/uploads\/2019\/03\/170122-5-120_2048-650x975.jpg 650w, https:\/\/marcorank.com\/wp-content\/uploads\/2019\/03\/170122-5-120_2048-1000x1500.jpg 1000w, https:\/\/marcorank.com\/wp-content\/uploads\/2019\/03\/170122-5-120_2048-50x75.jpg 50w, https:\/\/marcorank.com\/wp-content\/uploads\/2019\/03\/170122-5-120_2048.jpg 1365w\" sizes=\"auto, (max-width: 683px) 100vw, 683px\" \/><\/a><figcaption class=\"blocks-gallery-item__caption\">Zirkumzenital- und Supralateralbogen wurden sichtbar<\/figcaption><\/figure><\/li><li class=\"blocks-gallery-item\"><figure><a href=\"https:\/\/marcorank.com\/wp-content\/uploads\/2019\/03\/170122-5-118_2048-1024x683.jpg\"><img loading=\"lazy\" decoding=\"async\" width=\"1024\" height=\"683\" src=\"https:\/\/marcorank.com\/wp-content\/uploads\/2019\/03\/170122-5-118_2048-1024x683.jpg\" alt=\"\" data-id=\"4811\" data-link=\"https:\/\/marcorank.com\/2019\/02\/10\/maua-halo\/170122-5-118_2048\/\" class=\"wp-image-4811\" srcset=\"https:\/\/marcorank.com\/wp-content\/uploads\/2019\/03\/170122-5-118_2048-1024x683.jpg 1024w, https:\/\/marcorank.com\/wp-content\/uploads\/2019\/03\/170122-5-118_2048-300x200.jpg 300w, https:\/\/marcorank.com\/wp-content\/uploads\/2019\/03\/170122-5-118_2048-768x512.jpg 768w, https:\/\/marcorank.com\/wp-content\/uploads\/2019\/03\/170122-5-118_2048-75x50.jpg 75w, https:\/\/marcorank.com\/wp-content\/uploads\/2019\/03\/170122-5-118_2048-650x433.jpg 650w, https:\/\/marcorank.com\/wp-content\/uploads\/2019\/03\/170122-5-118_2048-1000x667.jpg 1000w, https:\/\/marcorank.com\/wp-content\/uploads\/2019\/03\/170122-5-118_2048-50x33.jpg 50w, https:\/\/marcorank.com\/wp-content\/uploads\/2019\/03\/170122-5-118_2048.jpg 2048w\" sizes=\"auto, (max-width: 1024px) 100vw, 1024px\" \/><\/a><\/figure><\/li><li class=\"blocks-gallery-item\"><figure><a href=\"https:\/\/marcorank.com\/wp-content\/uploads\/2019\/03\/170122-5-147_2048-1024x683.jpg\"><img loading=\"lazy\" decoding=\"async\" width=\"1024\" height=\"683\" src=\"https:\/\/marcorank.com\/wp-content\/uploads\/2019\/03\/170122-5-147_2048-1024x683.jpg\" alt=\"\" data-id=\"4814\" data-link=\"https:\/\/marcorank.com\/2019\/02\/10\/maua-halo\/170122-5-147_2048\/\" class=\"wp-image-4814\" srcset=\"https:\/\/marcorank.com\/wp-content\/uploads\/2019\/03\/170122-5-147_2048-1024x683.jpg 1024w, https:\/\/marcorank.com\/wp-content\/uploads\/2019\/03\/170122-5-147_2048-300x200.jpg 300w, https:\/\/marcorank.com\/wp-content\/uploads\/2019\/03\/170122-5-147_2048-768x512.jpg 768w, https:\/\/marcorank.com\/wp-content\/uploads\/2019\/03\/170122-5-147_2048-75x50.jpg 75w, https:\/\/marcorank.com\/wp-content\/uploads\/2019\/03\/170122-5-147_2048-650x433.jpg 650w, https:\/\/marcorank.com\/wp-content\/uploads\/2019\/03\/170122-5-147_2048-1000x667.jpg 1000w, https:\/\/marcorank.com\/wp-content\/uploads\/2019\/03\/170122-5-147_2048-50x33.jpg 50w, https:\/\/marcorank.com\/wp-content\/uploads\/2019\/03\/170122-5-147_2048.jpg 2048w\" sizes=\"auto, (max-width: 1024px) 100vw, 1024px\" \/><\/a><figcaption class=\"blocks-gallery-item__caption\">Was f\u00fcr ein Anblick!<\/figcaption><\/figure><\/li><\/ul><\/figure>\n\n\n\n<p>Am Ende gegen 10:35 Uhr (Sonnenh\u00f6he 15\u00b0) zeigte das Haloph\u00e4nomen in Maua seine volle Sch\u00f6nheit. Zus\u00e4tzlich kamen der Parrybogen, Trickers Gegensonnenbogen, der Untersonnebogen und mehr zum Vorschein.<\/p>\n\n\n\n<div class=\"wp-block-image\"><figure class=\"aligncenter\"><img loading=\"lazy\" decoding=\"async\" width=\"2048\" height=\"1365\" src=\"https:\/\/marcorank.com\/wp-content\/uploads\/2019\/03\/170122-5-161_2048.jpg\" alt=\"\" class=\"wp-image-6346\" srcset=\"https:\/\/marcorank.com\/wp-content\/uploads\/2019\/03\/170122-5-161_2048.jpg 2048w, https:\/\/marcorank.com\/wp-content\/uploads\/2019\/03\/170122-5-161_2048-300x200.jpg 300w, https:\/\/marcorank.com\/wp-content\/uploads\/2019\/03\/170122-5-161_2048-768x512.jpg 768w, https:\/\/marcorank.com\/wp-content\/uploads\/2019\/03\/170122-5-161_2048-1024x683.jpg 1024w, https:\/\/marcorank.com\/wp-content\/uploads\/2019\/03\/170122-5-161_2048-75x50.jpg 75w, https:\/\/marcorank.com\/wp-content\/uploads\/2019\/03\/170122-5-161_2048-650x433.jpg 650w, https:\/\/marcorank.com\/wp-content\/uploads\/2019\/03\/170122-5-161_2048-1000x667.jpg 1000w, https:\/\/marcorank.com\/wp-content\/uploads\/2019\/03\/170122-5-161_2048-50x33.jpg 50w\" sizes=\"auto, (max-width: 2048px) 100vw, 2048px\" \/><\/figure><\/div>\n\n\n\n<div class=\"wp-block-image\"><figure class=\"aligncenter\"><img loading=\"lazy\" decoding=\"async\" width=\"2048\" height=\"1365\" src=\"https:\/\/marcorank.com\/wp-content\/uploads\/2019\/03\/170122-5-205-HDR_2048.jpg\" alt=\"\" class=\"wp-image-6349\" srcset=\"https:\/\/marcorank.com\/wp-content\/uploads\/2019\/03\/170122-5-205-HDR_2048.jpg 2048w, https:\/\/marcorank.com\/wp-content\/uploads\/2019\/03\/170122-5-205-HDR_2048-300x200.jpg 300w, https:\/\/marcorank.com\/wp-content\/uploads\/2019\/03\/170122-5-205-HDR_2048-768x512.jpg 768w, https:\/\/marcorank.com\/wp-content\/uploads\/2019\/03\/170122-5-205-HDR_2048-1024x683.jpg 1024w, https:\/\/marcorank.com\/wp-content\/uploads\/2019\/03\/170122-5-205-HDR_2048-75x50.jpg 75w, https:\/\/marcorank.com\/wp-content\/uploads\/2019\/03\/170122-5-205-HDR_2048-650x433.jpg 650w, https:\/\/marcorank.com\/wp-content\/uploads\/2019\/03\/170122-5-205-HDR_2048-1000x667.jpg 1000w, https:\/\/marcorank.com\/wp-content\/uploads\/2019\/03\/170122-5-205-HDR_2048-50x33.jpg 50w\" sizes=\"auto, (max-width: 2048px) 100vw, 2048px\" \/><figcaption>Eisnebelhaloph\u00e4nomen am 22.01.2017 in Jena-Maua, Th\u00fcringen, Deutschland<\/figcaption><\/figure><\/div>\n\n\n\n<p>360\u00b0-Panoramabild vom H\u00f6hepunkt. Schauen Sie sich die Details mit einer kontrastierenden Unscharfmaskierung an (ohne und mit):<\/p>\n\n\n\n<figure class=\"wp-block-image size-full\"><img loading=\"lazy\" decoding=\"async\" width=\"2048\" height=\"683\" src=\"https:\/\/marcorank.com\/wp-content\/uploads\/2020\/08\/170123-49-Pano-USM-Text-DE-1.jpg\" alt=\"\" class=\"wp-image-6781\" srcset=\"https:\/\/marcorank.com\/wp-content\/uploads\/2020\/08\/170123-49-Pano-USM-Text-DE-1.jpg 2048w, https:\/\/marcorank.com\/wp-content\/uploads\/2020\/08\/170123-49-Pano-USM-Text-DE-1-300x100.jpg 300w, https:\/\/marcorank.com\/wp-content\/uploads\/2020\/08\/170123-49-Pano-USM-Text-DE-1-1024x342.jpg 1024w, https:\/\/marcorank.com\/wp-content\/uploads\/2020\/08\/170123-49-Pano-USM-Text-DE-1-768x256.jpg 768w, https:\/\/marcorank.com\/wp-content\/uploads\/2020\/08\/170123-49-Pano-USM-Text-DE-1-1600x534.jpg 1600w, https:\/\/marcorank.com\/wp-content\/uploads\/2020\/08\/170123-49-Pano-USM-Text-DE-1-1536x512.jpg 1536w, https:\/\/marcorank.com\/wp-content\/uploads\/2020\/08\/170123-49-Pano-USM-Text-DE-1-150x50.jpg 150w, https:\/\/marcorank.com\/wp-content\/uploads\/2020\/08\/170123-49-Pano-USM-Text-DE-1-650x217.jpg 650w, https:\/\/marcorank.com\/wp-content\/uploads\/2020\/08\/170123-49-Pano-USM-Text-DE-1-1000x333.jpg 1000w, https:\/\/marcorank.com\/wp-content\/uploads\/2020\/08\/170123-49-Pano-USM-Text-DE-1-50x17.jpg 50w\" sizes=\"auto, (max-width: 2048px) 100vw, 2048px\" \/><\/figure>\n\n\n\n<div style=\"height:46px\" aria-hidden=\"true\" class=\"wp-block-spacer\"><\/div>\n\n\n\n<p class=\"has-text-align-center\">Insgesamt: <strong>18 Haloarten<\/strong><\/p>\n\n\n\n<center><table class=\"wp-block-table aligncenter has-fixed-layout is-style-stripes\"><\/table><table border=\"5px\" align=\"center\"><tbody><tr><td><a href=\"https:\/\/www.meteoros.de\/themen\/halos\/haloarten\/ee01\/\"><strong>22\u00b0-Ring (EE01)<\/strong><\/a><strong><br><\/strong><a href=\"https:\/\/www.meteoros.de\/themen\/halos\/haloarten\/ee020304\/\"><strong>22\u00b0-Nebensonnen (EE02\/03)<\/strong><\/a><strong><br><\/strong><a rel=\"noreferrer noopener\" href=\"https:\/\/www.meteoros.de\/themen\/halos\/haloarten\/ee05\/\" target=\"_blank\"><strong>Oberer Ber\u00fchrungsbogen (EE05)<\/strong><\/a><strong><br><\/strong><a href=\"https:\/\/www.meteoros.de\/themen\/halos\/haloarten\/ee06\/\"><strong>Unterer Ber\u00fchrungsbogen (EE06)<\/strong><\/a><strong><br><\/strong><a href=\"https:\/\/www.meteoros.de\/themen\/halos\/haloarten\/ee08\/\"><strong>Obere Lichts\u00e4ule (EE08)<\/strong><\/a><strong><br><\/strong><a href=\"https:\/\/www.meteoros.de\/themen\/halos\/haloarten\/ee09\/\"><strong>Untere Lichts\u00e4ule (EE09)<\/strong><\/a><strong><br><\/strong><a href=\"https:\/\/www.meteoros.de\/themen\/halos\/haloarten\/ee11\/\"><strong>Zirkumzenitalbogen (EE11)<\/strong><\/a><strong><br><\/strong><a href=\"https:\/\/www.meteoros.de\/themen\/halos\/haloarten\/ee13\/\"><strong>Horizontalkreis (EE13)<\/strong><\/a><strong> <br><\/strong><a href=\"https:\/\/www.meteoros.de\/themen\/halos\/haloarten\/ee17\/\"><strong>Gegensonne (EE17)<\/strong><\/a><strong> <\/strong><\/td><td><strong> <\/strong><a href=\"https:\/\/www.meteoros.de\/themen\/halos\/haloarten\/ee181920\/\"><strong>120\u00b0-Nebensonnen (EE18\/19)<\/strong><\/a><strong><br><\/strong><a href=\"https:\/\/www.meteoros.de\/themen\/halos\/haloarten\/ee21\/\"><strong>Supralateralbogen (EE21)<\/strong><\/a><strong><br><\/strong><a href=\"https:\/\/www.meteoros.de\/themen\/halos\/haloarten\/ee27\/\"><strong>Parrybogen (EE27)<\/strong><\/a><strong><br><\/strong><a href=\"https:\/\/www.meteoros.de\/themen\/halos\/haloarten\/ee44\/\"><strong>Untersonne (EE44)<\/strong><\/a><strong><br><\/strong><a href=\"https:\/\/www.meteoros.de\/themen\/halos\/haloarten\/ee454647\/\"><strong>22\u00b0-Unternebensonne (EE45\/46)<\/strong><\/a><strong><br><\/strong><a href=\"https:\/\/www.meteoros.de\/themen\/halos\/haloarten\/ee57\/\"><strong>Trickers Gegensonnenbogen (EE57)<\/strong><\/a><strong><br><\/strong><a href=\"https:\/\/www.meteoros.de\/themen\/halos\/haloarten\/ee60\/\"><strong>Tapes B\u00f6gen (EE60)<\/strong><\/a><strong><br><\/strong><a href=\"https:\/\/www.meteoros.de\/themen\/halos\/haloarten\/ee61\/\"><strong>Sonnenbogen (EE61)<\/strong><\/a><strong><br><\/strong><a href=\"https:\/\/www.meteoros.de\/themen\/halos\/haloarten\/ee62\/\"><strong>Untersonnenbogen (EE62)<\/strong><\/a><strong> <\/strong><\/td><\/tr><\/tbody><\/table><\/center>\n\n\n\n<div style=\"height:20px\" aria-hidden=\"true\" class=\"wp-block-spacer\"><\/div>\n\n\n\n<p>Hier ist ein kurzes Video zur Dokumentation:<\/p>\n\n\n\n<figure class=\"wp-block-embed is-type-video is-provider-youtube wp-block-embed-youtube wp-embed-aspect-16-9 wp-has-aspect-ratio\"><div class=\"wp-block-embed__wrapper\">\n<iframe loading=\"lazy\" title=\"22.01.2017 Faszinierende Eisnebelhalos \u00fcber Jena\" width=\"1160\" height=\"653\" src=\"https:\/\/www.youtube.com\/embed\/TuZ858EoRIw?feature=oembed\" frameborder=\"0\" allow=\"accelerometer; autoplay; encrypted-media; gyroscope; picture-in-picture\" allowfullscreen><\/iframe>\n<\/div><\/figure>\n\n\n\n<p>Claudia Hinz and Andreas M\u00f6ller haben wesentlich bei der Bestimmung der Haloarten mitgeholfen &#8211; vielen Dank! I verdanke letzterem auch die Panoramaberechnung. Mehr hierzu und \u00fcber das Thema im Allgemeinen finden Sie im <a aria-label=\"AKM e.V. forum (opens in a new tab)\" rel=\"noreferrer noopener\" href=\"https:\/\/www.meteoros.de\/themen\/halos\/halophaenomene\/jena-2017\/\" target=\"_blank\">AKM e.V. Forum<\/a> (Deutsch) \/ <a aria-label=\"Halo-Blog.net (opens in a new tab)\" rel=\"noreferrer noopener\" href=\"http:\/\/www.haloblog.net\/\" target=\"_blank\">Halo-Blog.net<\/a> (Englisch) oder im <a aria-label=\"Finnish Halo-Page (opens in a new tab)\" rel=\"noreferrer noopener\" href=\"http:\/\/www.thehalovault.org\/2017\/02\/possible-46-contact-arc-in-jena-germany.html\" target=\"_blank\">finnischen Halo-Blog<\/a> (Englisch).<\/p>\n\n\n\n<h3 class=\"has-text-align-center wp-block-heading\">Res\u00fcmee<br><\/h3>\n\n\n\n<p>Eisnebel in Mitteldeutschland? Ist das nicht ein Ph\u00e4nomen der Berge, Skipisten und Arktis?<\/p>\n\n\n\n<p>Nun, die Temperatur entsprach dem Taupunkt und bewegte sich von 7:45 &#8211; 10:45 Uhr zwischen -10 und -6 \u00b0C &#8211; mit einer relativen Feuchtigkeit von 95%. Das sind gute Bedingungen!<\/p>\n\n\n\n<p>Die Bildung des haloaktiven Eisenebels in einem so kleinen Gebiet (Jena-G\u00f6schwitz, Jena-Leutra und Jena-Maua) liegt vielleicht darin begr\u00fcndet, dass die ans\u00e4ssige Industrie Feinstaub als notwendige Sublimationskeime f\u00fcr die Kondensation freigesetzt hat. Durch sukzessives Abfahren des  Gebietes kann die Entstehung glitzernder Eiskristalle anhand der Windrichtung bis Jena-Maua zur\u00fcckverfolgt werden. Doch dies war erst der Anfang&#8230;<\/p>\n\n\n\n<div style=\"height:20px\" aria-hidden=\"true\" class=\"wp-block-spacer\"><\/div>\n\n\n\n<h3 class=\"has-text-align-center wp-block-heading\" id=\"170219\">19.02.2017<\/h3>\n\n\n\n<div class=\"wp-block-image\"><figure class=\"aligncenter\"><img loading=\"lazy\" decoding=\"async\" width=\"2048\" height=\"1365\" src=\"https:\/\/marcorank.com\/wp-content\/uploads\/2019\/03\/170219-5-071_2048.jpg\" alt=\"\" class=\"wp-image-6353\" srcset=\"https:\/\/marcorank.com\/wp-content\/uploads\/2019\/03\/170219-5-071_2048.jpg 2048w, https:\/\/marcorank.com\/wp-content\/uploads\/2019\/03\/170219-5-071_2048-300x200.jpg 300w, https:\/\/marcorank.com\/wp-content\/uploads\/2019\/03\/170219-5-071_2048-768x512.jpg 768w, https:\/\/marcorank.com\/wp-content\/uploads\/2019\/03\/170219-5-071_2048-1024x683.jpg 1024w, https:\/\/marcorank.com\/wp-content\/uploads\/2019\/03\/170219-5-071_2048-75x50.jpg 75w, https:\/\/marcorank.com\/wp-content\/uploads\/2019\/03\/170219-5-071_2048-650x433.jpg 650w, https:\/\/marcorank.com\/wp-content\/uploads\/2019\/03\/170219-5-071_2048-1000x667.jpg 1000w, https:\/\/marcorank.com\/wp-content\/uploads\/2019\/03\/170219-5-071_2048-50x33.jpg 50w\" sizes=\"auto, (max-width: 2048px) 100vw, 2048px\" \/><figcaption>19.02.2017: Untersonne + untere Lichts\u00e4ule<\/figcaption><\/figure><\/div>\n\n\n\n<p>Eisnebel konnte man bereits nachts in meinem Ortsteil Jena-Burgau wahrnehmen. Also ging es fr\u00fchs auf den f\u00fcr mich n\u00e4chsten Berg und sah die ersten Halos mit einer Sonnenh\u00f6he von etwa 7\u00b0 und einer Temperatur von -2 \u00b0C. <\/p>\n\n\n\n<p>8:27 Uhr nahm ich dieses Foto von einem weiteren sch\u00f6nen Halo-Display neben Jena-Maua mit dem seltenen Moilanenbogen auf (Temperatur von nahezu 0 \u00b0C) auf:<\/p>\n\n\n\n<figure class=\"wp-block-image size-full\"><img loading=\"lazy\" decoding=\"async\" width=\"2048\" height=\"1367\" src=\"https:\/\/marcorank.com\/wp-content\/uploads\/2020\/08\/170219-034-HDR-Text-USM-DE.jpg\" alt=\"\" class=\"wp-image-6784\" srcset=\"https:\/\/marcorank.com\/wp-content\/uploads\/2020\/08\/170219-034-HDR-Text-USM-DE.jpg 2048w, https:\/\/marcorank.com\/wp-content\/uploads\/2020\/08\/170219-034-HDR-Text-USM-DE-300x200.jpg 300w, https:\/\/marcorank.com\/wp-content\/uploads\/2020\/08\/170219-034-HDR-Text-USM-DE-1024x684.jpg 1024w, https:\/\/marcorank.com\/wp-content\/uploads\/2020\/08\/170219-034-HDR-Text-USM-DE-768x513.jpg 768w, https:\/\/marcorank.com\/wp-content\/uploads\/2020\/08\/170219-034-HDR-Text-USM-DE-1600x1068.jpg 1600w, https:\/\/marcorank.com\/wp-content\/uploads\/2020\/08\/170219-034-HDR-Text-USM-DE-1536x1025.jpg 1536w, https:\/\/marcorank.com\/wp-content\/uploads\/2020\/08\/170219-034-HDR-Text-USM-DE-75x50.jpg 75w, https:\/\/marcorank.com\/wp-content\/uploads\/2020\/08\/170219-034-HDR-Text-USM-DE-650x434.jpg 650w, https:\/\/marcorank.com\/wp-content\/uploads\/2020\/08\/170219-034-HDR-Text-USM-DE-1000x667.jpg 1000w, https:\/\/marcorank.com\/wp-content\/uploads\/2020\/08\/170219-034-HDR-Text-USM-DE-50x33.jpg 50w\" sizes=\"auto, (max-width: 2048px) 100vw, 2048px\" \/><\/figure>\n\n\n\n<div style=\"height:40px\" aria-hidden=\"true\" class=\"wp-block-spacer\"><\/div>\n\n\n\n<p>Das zweite Bild zeigte einen interessanten Bereich unterhalb des Zirkumzenitalbogens. W\u00e4hrend der AKM e.V. ihn als 46\u00b0-Ring bestimmt, sieht der finnische Forscher Marko Riikonen dort einen <a aria-label=\"undefined (opens in a new tab)\" href=\"http:\/\/www.thehalovault.org\/2017\/02\/possible-46-contact-arc-in-jena-germany.html\" target=\"_blank\" rel=\"noreferrer noopener\">46\u00b0-Kontaktbogen<\/a>: <\/p>\n\n\n\n<figure class=\"wp-block-image size-full\"><img loading=\"lazy\" decoding=\"async\" width=\"1365\" height=\"2048\" src=\"https:\/\/marcorank.com\/wp-content\/uploads\/2020\/08\/170219-047-HDR-USM-DE.jpg\" alt=\"\" class=\"wp-image-6786\" srcset=\"https:\/\/marcorank.com\/wp-content\/uploads\/2020\/08\/170219-047-HDR-USM-DE.jpg 1365w, https:\/\/marcorank.com\/wp-content\/uploads\/2020\/08\/170219-047-HDR-USM-DE-200x300.jpg 200w, https:\/\/marcorank.com\/wp-content\/uploads\/2020\/08\/170219-047-HDR-USM-DE-683x1024.jpg 683w, https:\/\/marcorank.com\/wp-content\/uploads\/2020\/08\/170219-047-HDR-USM-DE-768x1152.jpg 768w, https:\/\/marcorank.com\/wp-content\/uploads\/2020\/08\/170219-047-HDR-USM-DE-1024x1536.jpg 1024w, https:\/\/marcorank.com\/wp-content\/uploads\/2020\/08\/170219-047-HDR-USM-DE-33x50.jpg 33w, https:\/\/marcorank.com\/wp-content\/uploads\/2020\/08\/170219-047-HDR-USM-DE-650x975.jpg 650w, https:\/\/marcorank.com\/wp-content\/uploads\/2020\/08\/170219-047-HDR-USM-DE-1000x1500.jpg 1000w, https:\/\/marcorank.com\/wp-content\/uploads\/2020\/08\/170219-047-HDR-USM-DE-50x75.jpg 50w\" sizes=\"auto, (max-width: 1365px) 100vw, 1365px\" \/><\/figure>\n\n\n<p><!--StartFragment--><\/p>\n\n\n<p class=\"has-text-align-center\">Insgesamt: <strong>12 Haloarten<\/strong><\/p>\n\n\n\n<center><table class=\"wp-block-table aligncenter is-style-stripes\"><tbody><tr><td>22\u00b0-Ring<br>22\u00b0-Nebensonnen (beide)<br>Obere Lichts\u00e4ule<br>Untere Lichts\u00e4ule<br>Oberer Ber\u00fchrungsbogen<br>Parrybogen\n<\/td><td>Zirkumzenitalbogen<br>Horizontalkreis<br>Sonnenbogen<br>Untersonne<br><a href=\"https:\/\/www.meteoros.de\/themen\/halos\/haloarten\/ee12\/\"><strong>46\u00b0-Ring<\/strong><br><a href=\"https:\/\/www.meteoros.de\/themen\/halos\/haloarten\/ee77\/\"><strong>Moilanenbogen<\/strong><\/td><\/tr><\/tbody><\/table><\/center>\n\n\n\n<div style=\"height:36px\" aria-hidden=\"true\" class=\"wp-block-spacer\"><\/div>\n\n\n\n<h3 class=\"has-text-align-center wp-block-heading\" id=\"180321\">21.03.2018<\/h3>\n\n\n\n<div class=\"wp-block-image\"><figure class=\"aligncenter\"><img loading=\"lazy\" decoding=\"async\" width=\"2048\" height=\"1365\" src=\"https:\/\/marcorank.com\/wp-content\/uploads\/2019\/02\/180321-5-005_2048.jpg\" alt=\"\" class=\"wp-image-6357\" srcset=\"https:\/\/marcorank.com\/wp-content\/uploads\/2019\/02\/180321-5-005_2048.jpg 2048w, https:\/\/marcorank.com\/wp-content\/uploads\/2019\/02\/180321-5-005_2048-300x200.jpg 300w, https:\/\/marcorank.com\/wp-content\/uploads\/2019\/02\/180321-5-005_2048-768x512.jpg 768w, https:\/\/marcorank.com\/wp-content\/uploads\/2019\/02\/180321-5-005_2048-1024x683.jpg 1024w, https:\/\/marcorank.com\/wp-content\/uploads\/2019\/02\/180321-5-005_2048-75x50.jpg 75w, https:\/\/marcorank.com\/wp-content\/uploads\/2019\/02\/180321-5-005_2048-650x433.jpg 650w, https:\/\/marcorank.com\/wp-content\/uploads\/2019\/02\/180321-5-005_2048-1000x667.jpg 1000w, https:\/\/marcorank.com\/wp-content\/uploads\/2019\/02\/180321-5-005_2048-50x33.jpg 50w\" sizes=\"auto, (max-width: 2048px) 100vw, 2048px\" \/><\/figure><\/div>\n\n\n\n<p>Am 21. M\u00e4rz 2018 &#8211; ja, wir hatten einen sp\u00e4ten Winter! &#8211; dokumentierte ich neuerlich Eisnebelhalos zwischen 9:45 Uhr (Sonnenh\u00f6he 29\u00b0) und 10:15 Uhr (Sonnenh\u00f6he 32\u00b0) morgens in und um Jena-Maua. Es ist kaum zu glauben, aber die 2m-Temperatur lag zu dieser Zeit <a aria-label=\"undefined (opens in a new tab)\" href=\"https:\/\/kachelmannwetter.com\/de\/messwerte\/thueringen\/temperatur\/20180321-0900z.html\" target=\"_blank\" rel=\"noreferrer noopener\">zwischen -1\u00b0C und +2\u00b0C<\/a> und die relative Luftfeuchtigkeit bei 70% \/ Taupunkt etwa -6\u00b0C. \u00dcberraschung!<\/p>\n\n\n\n<div class=\"wp-block-image\"><figure class=\"aligncenter\"><img loading=\"lazy\" decoding=\"async\" width=\"2048\" height=\"2048\" src=\"https:\/\/marcorank.com\/wp-content\/uploads\/2019\/02\/180321-5-033-Pano-ALLSKY-USM-2048.jpg\" alt=\"\" class=\"wp-image-6358\" srcset=\"https:\/\/marcorank.com\/wp-content\/uploads\/2019\/02\/180321-5-033-Pano-ALLSKY-USM-2048.jpg 2048w, https:\/\/marcorank.com\/wp-content\/uploads\/2019\/02\/180321-5-033-Pano-ALLSKY-USM-2048-150x150.jpg 150w, https:\/\/marcorank.com\/wp-content\/uploads\/2019\/02\/180321-5-033-Pano-ALLSKY-USM-2048-300x300.jpg 300w, https:\/\/marcorank.com\/wp-content\/uploads\/2019\/02\/180321-5-033-Pano-ALLSKY-USM-2048-768x768.jpg 768w, https:\/\/marcorank.com\/wp-content\/uploads\/2019\/02\/180321-5-033-Pano-ALLSKY-USM-2048-1024x1024.jpg 1024w, https:\/\/marcorank.com\/wp-content\/uploads\/2019\/02\/180321-5-033-Pano-ALLSKY-USM-2048-50x50.jpg 50w, https:\/\/marcorank.com\/wp-content\/uploads\/2019\/02\/180321-5-033-Pano-ALLSKY-USM-2048-650x650.jpg 650w, https:\/\/marcorank.com\/wp-content\/uploads\/2019\/02\/180321-5-033-Pano-ALLSKY-USM-2048-1000x1000.jpg 1000w\" sizes=\"auto, (max-width: 2048px) 100vw, 2048px\" \/><figcaption>Allsky-Aufnahme von einem fast vollst\u00e4ndigen Horizontalkreis (unsch\u00e4rfemaskiert)<\/figcaption><\/figure><\/div>\n\n\n\n<div class=\"wp-block-image\"><figure class=\"aligncenter\"><img loading=\"lazy\" decoding=\"async\" width=\"2048\" height=\"1365\" src=\"https:\/\/marcorank.com\/wp-content\/uploads\/2019\/02\/180321-5-207_2048.jpg\" alt=\"\" class=\"wp-image-6361\" srcset=\"https:\/\/marcorank.com\/wp-content\/uploads\/2019\/02\/180321-5-207_2048.jpg 2048w, https:\/\/marcorank.com\/wp-content\/uploads\/2019\/02\/180321-5-207_2048-300x200.jpg 300w, https:\/\/marcorank.com\/wp-content\/uploads\/2019\/02\/180321-5-207_2048-768x512.jpg 768w, https:\/\/marcorank.com\/wp-content\/uploads\/2019\/02\/180321-5-207_2048-1024x683.jpg 1024w, https:\/\/marcorank.com\/wp-content\/uploads\/2019\/02\/180321-5-207_2048-75x50.jpg 75w, https:\/\/marcorank.com\/wp-content\/uploads\/2019\/02\/180321-5-207_2048-650x433.jpg 650w, https:\/\/marcorank.com\/wp-content\/uploads\/2019\/02\/180321-5-207_2048-1000x667.jpg 1000w, https:\/\/marcorank.com\/wp-content\/uploads\/2019\/02\/180321-5-207_2048-50x33.jpg 50w\" sizes=\"auto, (max-width: 2048px) 100vw, 2048px\" \/><figcaption>Willkommen in \u00bbMaua\u00ab! <\/figcaption><\/figure><\/div>\n\n\n\n<div class=\"wp-block-image\"><figure class=\"aligncenter\"><img loading=\"lazy\" decoding=\"async\" width=\"2048\" height=\"1365\" src=\"https:\/\/marcorank.com\/wp-content\/uploads\/2019\/02\/180321-5-211_2048.jpg\" alt=\"\" class=\"wp-image-6362\" srcset=\"https:\/\/marcorank.com\/wp-content\/uploads\/2019\/02\/180321-5-211_2048.jpg 2048w, https:\/\/marcorank.com\/wp-content\/uploads\/2019\/02\/180321-5-211_2048-300x200.jpg 300w, https:\/\/marcorank.com\/wp-content\/uploads\/2019\/02\/180321-5-211_2048-768x512.jpg 768w, https:\/\/marcorank.com\/wp-content\/uploads\/2019\/02\/180321-5-211_2048-1024x683.jpg 1024w, https:\/\/marcorank.com\/wp-content\/uploads\/2019\/02\/180321-5-211_2048-75x50.jpg 75w, https:\/\/marcorank.com\/wp-content\/uploads\/2019\/02\/180321-5-211_2048-650x433.jpg 650w, https:\/\/marcorank.com\/wp-content\/uploads\/2019\/02\/180321-5-211_2048-1000x667.jpg 1000w, https:\/\/marcorank.com\/wp-content\/uploads\/2019\/02\/180321-5-211_2048-50x33.jpg 50w\" sizes=\"auto, (max-width: 2048px) 100vw, 2048px\" \/><figcaption>Ein sch\u00f6ner und deutlicher Infralateralbogen zeigte sich<\/figcaption><\/figure><\/div>\n\n\n\n<p>Es macht zwar Spa\u00df, den Halos hinterherzujagen, um die bestm\u00f6gliche Sicht zu erhalten, aber dies ist schlichtweg kein idealer Ort, um dies zu tun. Maua wurde k\u00fcrzlich mit einer Br\u00fccke f\u00fcr die neue B88-Passage quasi in zwei H\u00e4lften geteilt. Ungl\u00fccklicherweise war die beste Sicht des Tages \u00fcber\/unter dieser Br\u00fccke\u2026 in jedem Fall habe ich weitere Haloarten zum ersten Mal live gesehen:<\/p>\n\n\n\n<figure class=\"wp-block-image size-full\"><img loading=\"lazy\" decoding=\"async\" width=\"2048\" height=\"1365\" src=\"https:\/\/marcorank.com\/wp-content\/uploads\/2019\/02\/180321-041-USM-Text-Edit_DE_2048.jpg\" alt=\"\" class=\"wp-image-6794\" srcset=\"https:\/\/marcorank.com\/wp-content\/uploads\/2019\/02\/180321-041-USM-Text-Edit_DE_2048.jpg 2048w, https:\/\/marcorank.com\/wp-content\/uploads\/2019\/02\/180321-041-USM-Text-Edit_DE_2048-300x200.jpg 300w, https:\/\/marcorank.com\/wp-content\/uploads\/2019\/02\/180321-041-USM-Text-Edit_DE_2048-1024x683.jpg 1024w, https:\/\/marcorank.com\/wp-content\/uploads\/2019\/02\/180321-041-USM-Text-Edit_DE_2048-768x512.jpg 768w, https:\/\/marcorank.com\/wp-content\/uploads\/2019\/02\/180321-041-USM-Text-Edit_DE_2048-1600x1066.jpg 1600w, https:\/\/marcorank.com\/wp-content\/uploads\/2019\/02\/180321-041-USM-Text-Edit_DE_2048-1536x1024.jpg 1536w, https:\/\/marcorank.com\/wp-content\/uploads\/2019\/02\/180321-041-USM-Text-Edit_DE_2048-75x50.jpg 75w, https:\/\/marcorank.com\/wp-content\/uploads\/2019\/02\/180321-041-USM-Text-Edit_DE_2048-650x433.jpg 650w, https:\/\/marcorank.com\/wp-content\/uploads\/2019\/02\/180321-041-USM-Text-Edit_DE_2048-1000x667.jpg 1000w, https:\/\/marcorank.com\/wp-content\/uploads\/2019\/02\/180321-041-USM-Text-Edit_DE_2048-50x33.jpg 50w\" sizes=\"auto, (max-width: 2048px) 100vw, 2048px\" \/><\/figure>\n\n\n\n<div style=\"height:26px\" aria-hidden=\"true\" class=\"wp-block-spacer\"><\/div>\n\n\n\n<div class=\"wp-block-image\"><figure class=\"aligncenter\"><img loading=\"lazy\" decoding=\"async\" width=\"2048\" height=\"1365\" src=\"https:\/\/marcorank.com\/wp-content\/uploads\/2019\/03\/180321-5-238_2048.jpg\" alt=\"\" class=\"wp-image-6368\" srcset=\"https:\/\/marcorank.com\/wp-content\/uploads\/2019\/03\/180321-5-238_2048.jpg 2048w, https:\/\/marcorank.com\/wp-content\/uploads\/2019\/03\/180321-5-238_2048-300x200.jpg 300w, https:\/\/marcorank.com\/wp-content\/uploads\/2019\/03\/180321-5-238_2048-768x512.jpg 768w, https:\/\/marcorank.com\/wp-content\/uploads\/2019\/03\/180321-5-238_2048-1024x683.jpg 1024w, https:\/\/marcorank.com\/wp-content\/uploads\/2019\/03\/180321-5-238_2048-75x50.jpg 75w, https:\/\/marcorank.com\/wp-content\/uploads\/2019\/03\/180321-5-238_2048-650x433.jpg 650w, https:\/\/marcorank.com\/wp-content\/uploads\/2019\/03\/180321-5-238_2048-1000x667.jpg 1000w, https:\/\/marcorank.com\/wp-content\/uploads\/2019\/03\/180321-5-238_2048-50x33.jpg 50w\" sizes=\"auto, (max-width: 2048px) 100vw, 2048px\" \/><figcaption>Heller unterer Ber\u00fchrungsbogen<\/figcaption><\/figure><\/div>\n\n\n\n<div class=\"wp-block-image\"><figure class=\"aligncenter\"><img loading=\"lazy\" decoding=\"async\" width=\"2048\" height=\"1365\" src=\"https:\/\/marcorank.com\/wp-content\/uploads\/2019\/03\/180321-5-251_2048.jpg\" alt=\"\" class=\"wp-image-6367\" srcset=\"https:\/\/marcorank.com\/wp-content\/uploads\/2019\/03\/180321-5-251_2048.jpg 2048w, https:\/\/marcorank.com\/wp-content\/uploads\/2019\/03\/180321-5-251_2048-300x200.jpg 300w, https:\/\/marcorank.com\/wp-content\/uploads\/2019\/03\/180321-5-251_2048-768x512.jpg 768w, https:\/\/marcorank.com\/wp-content\/uploads\/2019\/03\/180321-5-251_2048-1024x683.jpg 1024w, https:\/\/marcorank.com\/wp-content\/uploads\/2019\/03\/180321-5-251_2048-75x50.jpg 75w, https:\/\/marcorank.com\/wp-content\/uploads\/2019\/03\/180321-5-251_2048-650x433.jpg 650w, https:\/\/marcorank.com\/wp-content\/uploads\/2019\/03\/180321-5-251_2048-1000x667.jpg 1000w, https:\/\/marcorank.com\/wp-content\/uploads\/2019\/03\/180321-5-251_2048-50x33.jpg 50w\" sizes=\"auto, (max-width: 2048px) 100vw, 2048px\" \/><\/figure><\/div>\n\n\n\n<p class=\"has-text-align-center\"><\/p>\n\n\n\n<p class=\"has-text-align-center\">Insgesamt: <strong>18 Haloarten<\/strong><\/p>\n\n\n\n<center><table class=\"wp-block-table aligncenter is-style-stripes\"><tbody><tr><td>22\u00b0-Ring<br>22\u00b0-Nebensonnen (beide)<br>Untere Lichts\u00e4ule<br>Obere Lichts\u00e4ule<br>Oberer Ber\u00fchrungsbogen<br>Unterer Ber\u00fchrungsbogen<br>Parrybogen<br>Zirkumzenitalbogen<br>Horizontalkreis <\/td><td>Supralateralbogen<br>Tapes B\u00f6gen<br>46\u00b0-Ring<br>120\u00b0-Nebensonnen<br>Sonnenbogen<br>Gegensonne (Video anschauen!)<br><a href=\"https:\/\/www.meteoros.de\/themen\/halos\/haloarten\/ee141516\/\"><strong>Lowitzb\u00f6gen<\/strong><br><a href=\"https:\/\/www.meteoros.de\/themen\/halos\/haloarten\/ee22\/\"><strong>Infralateralbogen<\/strong><br><a href=\"https:\/\/www.meteoros.de\/themen\/halos\/haloarten\/ee56\/\"><strong>Wegeners Gegensonnenbogen<\/strong><\/td><\/tr><\/tbody><\/table><\/center>\n\n\n\n<div style=\"height:37px\" aria-hidden=\"true\" class=\"wp-block-spacer\"><\/div>\n\n\n\n<p>Zum ersten Mal lie\u00df ich eine Kamera den Prozess des &#8218;Halo chasings&#8216; als Zeitraffer mit aufzeichnen: <\/p>\n\n\n\n<figure class=\"wp-block-embed is-type-video is-provider-youtube wp-block-embed-youtube wp-embed-aspect-16-9 wp-has-aspect-ratio\"><div class=\"wp-block-embed__wrapper\">\n<iframe loading=\"lazy\" title=\"Chasing a diamond dust halo (4K timelapse uncut)\" width=\"1160\" height=\"653\" src=\"https:\/\/www.youtube.com\/embed\/7v0S1YP7bqU?feature=oembed\" frameborder=\"0\" allow=\"accelerometer; autoplay; encrypted-media; gyroscope; picture-in-picture\" allowfullscreen><\/iframe>\n<\/div><\/figure>\n\n\n\n<p>Sollten Sie f\u00fcr die weitere Bestimmung an einer kontrastierten Variante interessiert sein, schauen Sie sich doch die <a aria-label=\"unsharp masked video (opens in a new tab)\" rel=\"noreferrer noopener\" href=\"https:\/\/youtu.be\/FN8NXdTmu6I\" target=\"_blank\">unscharfmaskierte Version<\/a> an. Das Video kann in 4K-Aufl\u00f6sung angesehen werden.<\/p>\n\n\n\n<div style=\"height:55px\" aria-hidden=\"true\" class=\"wp-block-spacer\"><\/div>\n\n\n\n<h3 class=\"has-text-align-center wp-block-heading\" id=\"181116\">16.11.2018<\/h3>\n\n\n\n<p>Nach einem Flug mit der Drohne \u00fcber der nebelgefluteten Saale, blieb noch eine kleine Chance f\u00fcr Eisnebelhalos. <\/p>\n\n\n\n<p>Zeit: <strong>09:00 Uhr (Sonnenstand 10\u00b0) &#8211; 10:45 Uhr (Sonnenstand 18\u00b0) <\/strong>MEZ &#8211; 2m Temperatur:<strong> <\/strong><a aria-label=\"between -1 and +1 (opens in a new tab)\" rel=\"noreferrer noopener\" href=\"http:\/\/ https:\/\/kachelmannwetter.com\/de\/messwerte\/thueringen\/temperatur\/20181116-0800z.html\" target=\"_blank\"><strong> -1 \/ +1\u00b0C<\/strong><\/a> &#8211; Rel. Feuchtigkeit: <strong>90%<\/strong> &#8211; <strong>Taupunkt: -2\u00b0C<\/strong> (Quelle: <a aria-label=\"TPE (opens in a new tab)\" rel=\"noreferrer noopener\" href=\"http:\/\/photoephemeris.com\" target=\"_blank\">TPE<\/a> \/ <a aria-label=\"Kachelmannwetter.com (opens in a new tab)\" rel=\"noreferrer noopener\" href=\"https:\/\/kachelmannwetter.com\" target=\"_blank\">Kachelmannwetter.com<\/a>). <\/p>\n\n\n\n<div class=\"wp-block-image\"><figure class=\"aligncenter\"><img loading=\"lazy\" decoding=\"async\" width=\"2048\" height=\"1365\" src=\"https:\/\/marcorank.com\/wp-content\/uploads\/2019\/03\/5D_0007_2048.jpg\" alt=\"\" class=\"wp-image-6370\" srcset=\"https:\/\/marcorank.com\/wp-content\/uploads\/2019\/03\/5D_0007_2048.jpg 2048w, https:\/\/marcorank.com\/wp-content\/uploads\/2019\/03\/5D_0007_2048-300x200.jpg 300w, https:\/\/marcorank.com\/wp-content\/uploads\/2019\/03\/5D_0007_2048-768x512.jpg 768w, https:\/\/marcorank.com\/wp-content\/uploads\/2019\/03\/5D_0007_2048-1024x683.jpg 1024w, https:\/\/marcorank.com\/wp-content\/uploads\/2019\/03\/5D_0007_2048-75x50.jpg 75w, https:\/\/marcorank.com\/wp-content\/uploads\/2019\/03\/5D_0007_2048-650x433.jpg 650w, https:\/\/marcorank.com\/wp-content\/uploads\/2019\/03\/5D_0007_2048-1000x667.jpg 1000w, https:\/\/marcorank.com\/wp-content\/uploads\/2019\/03\/5D_0007_2048-50x33.jpg 50w\" sizes=\"auto, (max-width: 2048px) 100vw, 2048px\" \/><figcaption>Schauen Sie sich an, wie die Sonne hinter dem Industrieschornstein in Jena-Maua aufgeht und der Rauch unter der Inversion gehalten wird. Links kann man erkennen, dass im Bereich des Rauchs ein Eisnebelhalofragment sichtbar wird. Wieder wurde der Nebel quasi zuverl\u00e4ssig haloaktiv.<\/figcaption><\/figure><\/div>\n\n\n\n<div class=\"wp-block-image\"><figure class=\"aligncenter\"><img loading=\"lazy\" decoding=\"async\" width=\"2048\" height=\"1365\" src=\"https:\/\/marcorank.com\/wp-content\/uploads\/2019\/03\/1D_0007_2048.jpg\" alt=\"\" class=\"wp-image-6369\" srcset=\"https:\/\/marcorank.com\/wp-content\/uploads\/2019\/03\/1D_0007_2048.jpg 2048w, https:\/\/marcorank.com\/wp-content\/uploads\/2019\/03\/1D_0007_2048-300x200.jpg 300w, https:\/\/marcorank.com\/wp-content\/uploads\/2019\/03\/1D_0007_2048-768x512.jpg 768w, https:\/\/marcorank.com\/wp-content\/uploads\/2019\/03\/1D_0007_2048-1024x683.jpg 1024w, https:\/\/marcorank.com\/wp-content\/uploads\/2019\/03\/1D_0007_2048-75x50.jpg 75w, https:\/\/marcorank.com\/wp-content\/uploads\/2019\/03\/1D_0007_2048-650x433.jpg 650w, https:\/\/marcorank.com\/wp-content\/uploads\/2019\/03\/1D_0007_2048-1000x667.jpg 1000w, https:\/\/marcorank.com\/wp-content\/uploads\/2019\/03\/1D_0007_2048-50x33.jpg 50w\" sizes=\"auto, (max-width: 2048px) 100vw, 2048px\" \/><figcaption>Als der Nebel aufstieg und die Sonne verh\u00fcllte, waren keine Halos zu sehen. Die Magie begann mit dessen Absinken \/ Aufl\u00f6sen. <\/figcaption><\/figure><\/div>\n\n\n\n<p>Eisnebelhalos bieten ein dreidimensionales Erlebnis. In diesem kontrastierten Video in Echtzeit bekommen Sie ein Gef\u00fchl f\u00fcr das Glitzern um einen herum:<\/p>\n\n\n\n<figure class=\"wp-block-embed is-type-video is-provider-youtube wp-block-embed-youtube wp-embed-aspect-16-9 wp-has-aspect-ratio\"><div class=\"wp-block-embed__wrapper\">\n<iframe loading=\"lazy\" title=\"16.11.2018 Diamond dust halo (USM)\" width=\"1160\" height=\"653\" src=\"https:\/\/www.youtube.com\/embed\/DsYK5biXau4?feature=oembed\" frameborder=\"0\" allow=\"accelerometer; autoplay; encrypted-media; gyroscope; picture-in-picture\" allowfullscreen><\/iframe>\n<\/div><\/figure>\n\n\n\n<div class=\"wp-block-image\"><figure class=\"aligncenter\"><img loading=\"lazy\" decoding=\"async\" width=\"2048\" height=\"1365\" src=\"https:\/\/marcorank.com\/wp-content\/uploads\/2019\/03\/5D_0391_2048.jpg\" alt=\"\" class=\"wp-image-6355\" srcset=\"https:\/\/marcorank.com\/wp-content\/uploads\/2019\/03\/5D_0391_2048.jpg 2048w, https:\/\/marcorank.com\/wp-content\/uploads\/2019\/03\/5D_0391_2048-300x200.jpg 300w, https:\/\/marcorank.com\/wp-content\/uploads\/2019\/03\/5D_0391_2048-768x512.jpg 768w, https:\/\/marcorank.com\/wp-content\/uploads\/2019\/03\/5D_0391_2048-1024x683.jpg 1024w, https:\/\/marcorank.com\/wp-content\/uploads\/2019\/03\/5D_0391_2048-75x50.jpg 75w, https:\/\/marcorank.com\/wp-content\/uploads\/2019\/03\/5D_0391_2048-650x433.jpg 650w, https:\/\/marcorank.com\/wp-content\/uploads\/2019\/03\/5D_0391_2048-1000x667.jpg 1000w, https:\/\/marcorank.com\/wp-content\/uploads\/2019\/03\/5D_0391_2048-50x33.jpg 50w\" sizes=\"auto, (max-width: 2048px) 100vw, 2048px\" \/><\/figure><\/div>\n\n\n\n<div class=\"wp-block-image\"><figure class=\"aligncenter\"><img loading=\"lazy\" decoding=\"async\" width=\"2048\" height=\"1365\" src=\"https:\/\/marcorank.com\/wp-content\/uploads\/2019\/03\/5D_0542_2048.jpg\" alt=\"\" class=\"wp-image-6356\" srcset=\"https:\/\/marcorank.com\/wp-content\/uploads\/2019\/03\/5D_0542_2048.jpg 2048w, https:\/\/marcorank.com\/wp-content\/uploads\/2019\/03\/5D_0542_2048-300x200.jpg 300w, https:\/\/marcorank.com\/wp-content\/uploads\/2019\/03\/5D_0542_2048-768x512.jpg 768w, https:\/\/marcorank.com\/wp-content\/uploads\/2019\/03\/5D_0542_2048-1024x683.jpg 1024w, https:\/\/marcorank.com\/wp-content\/uploads\/2019\/03\/5D_0542_2048-75x50.jpg 75w, https:\/\/marcorank.com\/wp-content\/uploads\/2019\/03\/5D_0542_2048-650x433.jpg 650w, https:\/\/marcorank.com\/wp-content\/uploads\/2019\/03\/5D_0542_2048-1000x667.jpg 1000w, https:\/\/marcorank.com\/wp-content\/uploads\/2019\/03\/5D_0542_2048-50x33.jpg 50w\" sizes=\"auto, (max-width: 2048px) 100vw, 2048px\" \/><figcaption>Das Halo neben dem Schornstein von \u00bbj-fiber\u00ab &#8211; einer Fiberglas-Produktionsfirma (in Jena-Maua).<\/figcaption><\/figure><\/div>\n\n\n\n<p class=\"has-text-align-center\">Insgesamt: <strong>7 Haloarten<\/strong><\/p>\n\n\n\n<center><table class=\"wp-block-table aligncenter is-style-stripes\"><tbody><tr><td>22\u00b0-Ring<br>22\u00b0-Nebensonnen (beide)<br>Untere Lichts\u00e4ule<br>Obere Lichts\u00e4ule<br>Oberer Ber\u00fchrungsbogen<br>Supralateralbogen<br>Zirkumzenitalbogen<\/td><\/tr><\/tbody><\/table><\/center>\n\n\n\n<div style=\"height:47px\" aria-hidden=\"true\" class=\"wp-block-spacer\"><\/div>\n\n\n\n<h3 class=\"has-text-align-center wp-block-heading\" id=\"181117\">17.11.2018<\/h3>\n\n\n\n<div class=\"wp-block-image\"><figure class=\"aligncenter\"><img loading=\"lazy\" decoding=\"async\" width=\"2048\" height=\"1365\" src=\"https:\/\/marcorank.com\/wp-content\/uploads\/2019\/02\/5D_0003_2048.jpg\" alt=\"\" class=\"wp-image-6364\" srcset=\"https:\/\/marcorank.com\/wp-content\/uploads\/2019\/02\/5D_0003_2048.jpg 2048w, https:\/\/marcorank.com\/wp-content\/uploads\/2019\/02\/5D_0003_2048-300x200.jpg 300w, https:\/\/marcorank.com\/wp-content\/uploads\/2019\/02\/5D_0003_2048-768x512.jpg 768w, https:\/\/marcorank.com\/wp-content\/uploads\/2019\/02\/5D_0003_2048-1024x683.jpg 1024w, https:\/\/marcorank.com\/wp-content\/uploads\/2019\/02\/5D_0003_2048-75x50.jpg 75w, https:\/\/marcorank.com\/wp-content\/uploads\/2019\/02\/5D_0003_2048-650x433.jpg 650w, https:\/\/marcorank.com\/wp-content\/uploads\/2019\/02\/5D_0003_2048-1000x667.jpg 1000w, https:\/\/marcorank.com\/wp-content\/uploads\/2019\/02\/5D_0003_2048-50x33.jpg 50w\" sizes=\"auto, (max-width: 2048px) 100vw, 2048px\" \/><\/figure><\/div>\n\n\n\n<p>Der bei weitem beste Eisnebelhalo-Tag nach der ersten Sichtung im Januar 2017 war der 17.11.2018.<\/p>\n\n\n\n<p>Zeit: <strong>10:50 Uhr (Sonnenh\u00f6he 18\u00b0) &#8211; 11:50 Uhr (Sonnenh\u00f6he 20\u00b0)<\/strong> MEZ &#8211; 2m-Temperatur:<strong> <\/strong><a aria-label=\" (opens in a new tab)\" rel=\"noreferrer noopener\" href=\"https:\/\/kachelmannwetter.com\/de\/messwerte\/thueringen\/temperatur\/20181117-0900z.html\" target=\"_blank\"><strong> -1 \/+2 \u00b0C<\/strong><\/a> &#8211; Rel. Feuchtigkeit: <strong>90%<\/strong> &#8211; <strong>Taupunkt: -3\/-1 \u00b0C<\/strong>  (Quellen: <a rel=\"noreferrer noopener\" href=\"http:\/\/photoephemeris.com\" target=\"_blank\">TPE<\/a> \/ <a rel=\"noreferrer noopener\" href=\"https:\/\/kachelmannwetter.com\" target=\"_blank\">Kachelmannwetter.com<\/a>).  <\/p>\n\n\n\n<div class=\"wp-block-image\"><figure class=\"aligncenter\"><img loading=\"lazy\" decoding=\"async\" width=\"2048\" height=\"1365\" src=\"https:\/\/marcorank.com\/wp-content\/uploads\/2019\/03\/181117-047-Edit_2048.jpg\" alt=\"\" class=\"wp-image-6363\" srcset=\"https:\/\/marcorank.com\/wp-content\/uploads\/2019\/03\/181117-047-Edit_2048.jpg 2048w, https:\/\/marcorank.com\/wp-content\/uploads\/2019\/03\/181117-047-Edit_2048-300x200.jpg 300w, https:\/\/marcorank.com\/wp-content\/uploads\/2019\/03\/181117-047-Edit_2048-768x512.jpg 768w, https:\/\/marcorank.com\/wp-content\/uploads\/2019\/03\/181117-047-Edit_2048-1024x683.jpg 1024w, https:\/\/marcorank.com\/wp-content\/uploads\/2019\/03\/181117-047-Edit_2048-75x50.jpg 75w, https:\/\/marcorank.com\/wp-content\/uploads\/2019\/03\/181117-047-Edit_2048-650x433.jpg 650w, https:\/\/marcorank.com\/wp-content\/uploads\/2019\/03\/181117-047-Edit_2048-1000x667.jpg 1000w, https:\/\/marcorank.com\/wp-content\/uploads\/2019\/03\/181117-047-Edit_2048-50x33.jpg 50w\" sizes=\"auto, (max-width: 2048px) 100vw, 2048px\" \/><figcaption>Einem solch wundersch\u00f6nen Naturph\u00e4nomen zu begegnen, macht mich schlichtweg gl\u00fccklich.<\/figcaption><\/figure><\/div>\n\n\n\n<div class=\"wp-block-image\"><figure class=\"aligncenter size-full\"><img loading=\"lazy\" decoding=\"async\" width=\"2048\" height=\"1365\" src=\"https:\/\/marcorank.com\/wp-content\/uploads\/2019\/02\/181117-052-Edit-Text-DE.jpg\" alt=\"\" class=\"wp-image-6801\" srcset=\"https:\/\/marcorank.com\/wp-content\/uploads\/2019\/02\/181117-052-Edit-Text-DE.jpg 2048w, https:\/\/marcorank.com\/wp-content\/uploads\/2019\/02\/181117-052-Edit-Text-DE-300x200.jpg 300w, https:\/\/marcorank.com\/wp-content\/uploads\/2019\/02\/181117-052-Edit-Text-DE-1024x683.jpg 1024w, https:\/\/marcorank.com\/wp-content\/uploads\/2019\/02\/181117-052-Edit-Text-DE-768x512.jpg 768w, https:\/\/marcorank.com\/wp-content\/uploads\/2019\/02\/181117-052-Edit-Text-DE-1600x1066.jpg 1600w, https:\/\/marcorank.com\/wp-content\/uploads\/2019\/02\/181117-052-Edit-Text-DE-1536x1024.jpg 1536w, https:\/\/marcorank.com\/wp-content\/uploads\/2019\/02\/181117-052-Edit-Text-DE-75x50.jpg 75w, https:\/\/marcorank.com\/wp-content\/uploads\/2019\/02\/181117-052-Edit-Text-DE-650x433.jpg 650w, https:\/\/marcorank.com\/wp-content\/uploads\/2019\/02\/181117-052-Edit-Text-DE-1000x667.jpg 1000w, https:\/\/marcorank.com\/wp-content\/uploads\/2019\/02\/181117-052-Edit-Text-DE-50x33.jpg 50w\" sizes=\"auto, (max-width: 2048px) 100vw, 2048px\" \/><figcaption>Was f\u00fcr ein Anblick! 14 verschiedene Haloarten auf einen Blick.<\/figcaption><\/figure><\/div>\n\n\n\n<figure class=\"wp-block-gallery aligncenter columns-2 is-cropped wp-block-gallery-2 is-layout-flex wp-block-gallery-is-layout-flex\"><ul class=\"blocks-gallery-grid\"><li class=\"blocks-gallery-item\"><figure><a href=\"https:\/\/marcorank.com\/wp-content\/uploads\/2019\/02\/181117-059-Text-DE.jpg\"><img loading=\"lazy\" decoding=\"async\" width=\"2048\" height=\"1365\" src=\"https:\/\/marcorank.com\/wp-content\/uploads\/2019\/02\/181117-059-Text-DE.jpg\" alt=\"\" data-id=\"6803\" class=\"wp-image-6803\" srcset=\"https:\/\/marcorank.com\/wp-content\/uploads\/2019\/02\/181117-059-Text-DE.jpg 2048w, https:\/\/marcorank.com\/wp-content\/uploads\/2019\/02\/181117-059-Text-DE-300x200.jpg 300w, https:\/\/marcorank.com\/wp-content\/uploads\/2019\/02\/181117-059-Text-DE-1024x683.jpg 1024w, https:\/\/marcorank.com\/wp-content\/uploads\/2019\/02\/181117-059-Text-DE-768x512.jpg 768w, https:\/\/marcorank.com\/wp-content\/uploads\/2019\/02\/181117-059-Text-DE-1600x1066.jpg 1600w, https:\/\/marcorank.com\/wp-content\/uploads\/2019\/02\/181117-059-Text-DE-1536x1024.jpg 1536w, https:\/\/marcorank.com\/wp-content\/uploads\/2019\/02\/181117-059-Text-DE-75x50.jpg 75w, https:\/\/marcorank.com\/wp-content\/uploads\/2019\/02\/181117-059-Text-DE-650x433.jpg 650w, https:\/\/marcorank.com\/wp-content\/uploads\/2019\/02\/181117-059-Text-DE-1000x667.jpg 1000w, https:\/\/marcorank.com\/wp-content\/uploads\/2019\/02\/181117-059-Text-DE-50x33.jpg 50w\" sizes=\"auto, (max-width: 2048px) 100vw, 2048px\" \/><\/a><figcaption class=\"blocks-gallery-item__caption\">Gegen\u00fcber ein gut erkennbarer \u00bbTrickers Gegensonnenbogen\u00ab<\/figcaption><\/figure><\/li><li class=\"blocks-gallery-item\"><figure><a href=\"https:\/\/marcorank.com\/wp-content\/uploads\/2020\/08\/181117-071-Text-DE.jpg\"><img loading=\"lazy\" decoding=\"async\" width=\"2048\" height=\"1365\" src=\"https:\/\/marcorank.com\/wp-content\/uploads\/2020\/08\/181117-071-Text-DE.jpg\" alt=\"\" data-id=\"6805\" data-full-url=\"https:\/\/marcorank.com\/wp-content\/uploads\/2020\/08\/181117-071-Text-DE.jpg\" data-link=\"https:\/\/marcorank.com\/de\/maua-halo\/181117-071-text-de\/\" class=\"wp-image-6805\" srcset=\"https:\/\/marcorank.com\/wp-content\/uploads\/2020\/08\/181117-071-Text-DE.jpg 2048w, https:\/\/marcorank.com\/wp-content\/uploads\/2020\/08\/181117-071-Text-DE-300x200.jpg 300w, https:\/\/marcorank.com\/wp-content\/uploads\/2020\/08\/181117-071-Text-DE-1024x683.jpg 1024w, https:\/\/marcorank.com\/wp-content\/uploads\/2020\/08\/181117-071-Text-DE-768x512.jpg 768w, https:\/\/marcorank.com\/wp-content\/uploads\/2020\/08\/181117-071-Text-DE-1600x1066.jpg 1600w, https:\/\/marcorank.com\/wp-content\/uploads\/2020\/08\/181117-071-Text-DE-1536x1024.jpg 1536w, https:\/\/marcorank.com\/wp-content\/uploads\/2020\/08\/181117-071-Text-DE-75x50.jpg 75w, https:\/\/marcorank.com\/wp-content\/uploads\/2020\/08\/181117-071-Text-DE-650x433.jpg 650w, https:\/\/marcorank.com\/wp-content\/uploads\/2020\/08\/181117-071-Text-DE-1000x667.jpg 1000w, https:\/\/marcorank.com\/wp-content\/uploads\/2020\/08\/181117-071-Text-DE-50x33.jpg 50w\" sizes=\"auto, (max-width: 2048px) 100vw, 2048px\" \/><\/a><\/figure><\/li><\/ul><\/figure>\n\n\n\n<div class=\"wp-block-image\"><figure class=\"aligncenter\"><img loading=\"lazy\" decoding=\"async\" width=\"2048\" height=\"1365\" src=\"https:\/\/marcorank.com\/wp-content\/uploads\/2019\/03\/5D_0096_2048.jpg\" alt=\"\" class=\"wp-image-6374\" srcset=\"https:\/\/marcorank.com\/wp-content\/uploads\/2019\/03\/5D_0096_2048.jpg 2048w, https:\/\/marcorank.com\/wp-content\/uploads\/2019\/03\/5D_0096_2048-300x200.jpg 300w, https:\/\/marcorank.com\/wp-content\/uploads\/2019\/03\/5D_0096_2048-768x512.jpg 768w, https:\/\/marcorank.com\/wp-content\/uploads\/2019\/03\/5D_0096_2048-1024x683.jpg 1024w, https:\/\/marcorank.com\/wp-content\/uploads\/2019\/03\/5D_0096_2048-75x50.jpg 75w, https:\/\/marcorank.com\/wp-content\/uploads\/2019\/03\/5D_0096_2048-650x433.jpg 650w, https:\/\/marcorank.com\/wp-content\/uploads\/2019\/03\/5D_0096_2048-1000x667.jpg 1000w, https:\/\/marcorank.com\/wp-content\/uploads\/2019\/03\/5D_0096_2048-50x33.jpg 50w\" sizes=\"auto, (max-width: 2048px) 100vw, 2048px\" \/><\/figure><\/div>\n\n\n\n<div class=\"wp-block-image\"><figure class=\"aligncenter\"><img loading=\"lazy\" decoding=\"async\" width=\"2048\" height=\"1365\" src=\"https:\/\/marcorank.com\/wp-content\/uploads\/2019\/03\/5D_0123-HDR_2048.jpg\" alt=\"\" class=\"wp-image-6376\" srcset=\"https:\/\/marcorank.com\/wp-content\/uploads\/2019\/03\/5D_0123-HDR_2048.jpg 2048w, https:\/\/marcorank.com\/wp-content\/uploads\/2019\/03\/5D_0123-HDR_2048-300x200.jpg 300w, https:\/\/marcorank.com\/wp-content\/uploads\/2019\/03\/5D_0123-HDR_2048-768x512.jpg 768w, https:\/\/marcorank.com\/wp-content\/uploads\/2019\/03\/5D_0123-HDR_2048-1024x683.jpg 1024w, https:\/\/marcorank.com\/wp-content\/uploads\/2019\/03\/5D_0123-HDR_2048-75x50.jpg 75w, https:\/\/marcorank.com\/wp-content\/uploads\/2019\/03\/5D_0123-HDR_2048-650x433.jpg 650w, https:\/\/marcorank.com\/wp-content\/uploads\/2019\/03\/5D_0123-HDR_2048-1000x667.jpg 1000w, https:\/\/marcorank.com\/wp-content\/uploads\/2019\/03\/5D_0123-HDR_2048-50x33.jpg 50w\" sizes=\"auto, (max-width: 2048px) 100vw, 2048px\" \/><figcaption>Heller Moilanenbogen!<\/figcaption><\/figure><\/div>\n\n\n\n<div class=\"wp-block-image\"><figure class=\"aligncenter size-full\"><img loading=\"lazy\" decoding=\"async\" width=\"2048\" height=\"1365\" src=\"https:\/\/marcorank.com\/wp-content\/uploads\/2020\/08\/181117-157-Text-DE.jpg\" alt=\"\" class=\"wp-image-6807\" srcset=\"https:\/\/marcorank.com\/wp-content\/uploads\/2020\/08\/181117-157-Text-DE.jpg 2048w, https:\/\/marcorank.com\/wp-content\/uploads\/2020\/08\/181117-157-Text-DE-300x200.jpg 300w, https:\/\/marcorank.com\/wp-content\/uploads\/2020\/08\/181117-157-Text-DE-1024x683.jpg 1024w, https:\/\/marcorank.com\/wp-content\/uploads\/2020\/08\/181117-157-Text-DE-768x512.jpg 768w, https:\/\/marcorank.com\/wp-content\/uploads\/2020\/08\/181117-157-Text-DE-1600x1066.jpg 1600w, https:\/\/marcorank.com\/wp-content\/uploads\/2020\/08\/181117-157-Text-DE-1536x1024.jpg 1536w, https:\/\/marcorank.com\/wp-content\/uploads\/2020\/08\/181117-157-Text-DE-75x50.jpg 75w, https:\/\/marcorank.com\/wp-content\/uploads\/2020\/08\/181117-157-Text-DE-650x433.jpg 650w, https:\/\/marcorank.com\/wp-content\/uploads\/2020\/08\/181117-157-Text-DE-1000x667.jpg 1000w, https:\/\/marcorank.com\/wp-content\/uploads\/2020\/08\/181117-157-Text-DE-50x33.jpg 50w\" sizes=\"auto, (max-width: 2048px) 100vw, 2048px\" \/><\/figure><\/div>\n\n\n\n<div style=\"height:35px\" aria-hidden=\"true\" class=\"wp-block-spacer\"><\/div>\n\n\n\n<p>Dazu habe ich wieder ein Zeitraffer aufgezeichnet. Mit Minute 2:10 wiederholt sich das Video &#8211; dann mit Unsch\u00e4rfemaskierung f\u00fcr einen besseren Kontrast.<\/p>\n\n\n\n<figure class=\"wp-block-embed is-type-video is-provider-youtube wp-block-embed-youtube wp-embed-aspect-16-9 wp-has-aspect-ratio\"><div class=\"wp-block-embed__wrapper\">\n<iframe loading=\"lazy\" title=\"17.11.2018 Diamond dust halo timelapse (+USM) (4K)\" width=\"1160\" height=\"653\" src=\"https:\/\/www.youtube.com\/embed\/YrahbtgrShI?feature=oembed\" frameborder=\"0\" allow=\"accelerometer; autoplay; encrypted-media; gyroscope; picture-in-picture\" allowfullscreen><\/iframe>\n<\/div><\/figure>\n\n\n\n<div style=\"height:34px\" aria-hidden=\"true\" class=\"wp-block-spacer\"><\/div>\n\n\n\n<p class=\"has-text-align-center\">Insgesamt: <strong>19 Haloarten<\/strong><\/p>\n\n\n\n<div style=\"height:30px\" aria-hidden=\"true\" class=\"wp-block-spacer\"><\/div>\n\n\n\n<center><table class=\"wp-block-table aligncenter is-style-stripes\"><tbody><tr><td>22\u00b0-Ring<br>22\u00b0-Nebensonnen (beide)<br>Untere Lichts\u00e4ule<br>Obere Lichts\u00e4ule<br>Oberer Ber\u00fchrungsbogen<br>Unterer Ber\u00fchrungsbogen<br>Parrybogen<br>Zirkumzenitalbogen<br>Horizontalkreis<br>Moilanenbogen<\/td><td>Untersonnenbogen<br>Supralateralbogen<br>Tapes B\u00f6gen<br>120\u00b0-Nebensonnen<br>Sonnenbogen<br>Gegensonne<br>Trickers Gegensonnenbogen<br>Lowitzb\u00f6gen<br>Infralateralbogen<\/td><\/tr><\/tbody><\/table><\/center>\n\n\n\n<div style=\"height:49px\" aria-hidden=\"true\" class=\"wp-block-spacer\"><\/div>\n\n\n\n<h3 class=\"has-text-align-center wp-block-heading\">Res\u00fcmee<\/h3>\n\n\n\n<p>Zun\u00e4chst einmal: Ohne das Wissen und die Hilfe des Vereins <a aria-label=\"undefined (opens in a new tab)\" href=\"https:\/\/www.meteoros.de\/\" target=\"_blank\" rel=\"noreferrer noopener\">Arbeitskreis Meteore e.V.<\/a> (kurz: AKM) w\u00e4ren diese Sichtungen gar nicht erst geschehen. Besonders die Vortr\u00e4ge von Claudia Hinz haben meine Faszination f\u00fcr die atmosph\u00e4rischen Lichterscheinungen entfacht, die heute so stark wie mein Engagement f\u00fcr das Wetter im Allgemeinen ist.<\/p>\n\n\n\n<p class=\"has-text-align-center\"><strong>Was haben diese Beobachtungen gemein? <\/strong><\/p>\n\n\n\n<ol class=\"wp-block-list\"><li>Lokal wiederholbare Sichtungen um oder in Jena-Maua<\/li><li>Eine relativ temperaturunabh\u00e4ngige Erscheinung? Die 2m-Messung in Jena variierte von -10\u00b0C bis sogar <strong>+2\u00b0C<\/strong> bei einer relativen Luftfeuchtigkeit von 70% bis 100%.<\/li><li>Ein m\u00f6glicher Zusammenhang zwischen dem Vorkommen von Industriefeinstaub (als Voraussetzung) und der Eisnebelausbildung liegt nahe.<\/li><\/ol>\n\n\n\n<p class=\"has-text-align-center\"><strong>Schlussfolgerung und m\u00f6gliche Fehlerquellen<\/strong><\/p>\n\n\n\n<p>Bei den n\u00e4chsten Beobachtungen sind genaue Messungen vor Ort erforderlich, um m\u00f6gliche Verzerrungen zu beschreiben. Die offizielle Jenaer 2m-Temperatur in der Stadt k\u00f6nnte ein paar Grad h\u00f6her sein als nahe der Nebelgrenze &#8211; das ist recht wahrscheinlich. Selbst wenn ich gewisserma\u00dfen einen Hotspot in Maua beschreibe, wurde der Eisnebel bereits entlang der Saale (flussaufw\u00e4rts) im Zentrum von Jena gesichtet. M\u00f6glicherweise gibt es noch andere, bisher unbekannte Faktoren oder Industrien, die zu diesem Ph\u00e4nomen beitragen.<\/p>\n\n\n\n<p>Wenn Sie sich n\u00e4her mit der Welt der Halos auseinandersetzen m\u00f6chten, empfehle ich Ihnen die folgende Literatur: <\/p>\n\n\n\n<ul class=\"wp-block-list\"><li>Claudia &amp; Wolfgang Hinz &#8211; Lichtph\u00e4nomene (German)<\/li><li>Tim Herd &#8211; Kaleidoscope Sky (English)<\/li><li><a rel=\"noreferrer noopener\" aria-label=\"atoptics.co.uk\/  (opens in a new tab)\" href=\"http:\/\/www.atoptics.co.uk\/\" target=\"_blank\">atoptics.co.uk<\/a><\/li><\/ul>\n\n\n\n<p>Weitere Dokumentationen erhalten einen eigenen Blog-Eintrag. Dies ist vorerst die Zusammenfassung aller pers\u00f6nlichen Sichtungen in den letzten zwei Jahren (2017-18) zum Thema Eisnebelhalos. Wenn Sie aus Jena sind und auch Halos gesehen haben, k\u00f6nnen Sie mir gerne <a href=\"https:\/\/marcorank.com\/de\/kontakt\/\" target=\"_blank\" aria-label=\"undefined (opens in a new tab)\" rel=\"noreferrer noopener\">eine Nachricht<\/a> mit den genaue Daten hinterlassen. Danke!<\/p>\n","protected":false},"excerpt":{"rendered":"<p>Beeindruckende atmosph\u00e4rische Erscheinungen &#8211; Eisnebelhalos im S\u00fcden von Jena zwischen 2017 und 2019 fotografiert von Marco Rank<\/p>\n<p><a href=\"https:\/\/marcorank.com\/de\/maua-halo\/\" class=\"more-link style2-button\">Weiterlesen<\/a><\/p>","protected":false},"author":1,"featured_media":6337,"comment_status":"open","ping_status":"open","sticky":false,"template":"","format":"standard","meta":{"pgc_sgb_lightbox_settings":"","footnotes":""},"categories":[1280,1287,1296],"tags":[1249,1246,1245,1310,1248],"class_list":["post-6028","post","type-post","status-publish","format-standard","has-post-thumbnail","hentry","category-atmospharische-erscheinungen","category-deutschland","category-wetter","tag-atmosphaere","tag-eisnebel","tag-halo","tag-natur","tag-winter"],"yoast_head":"<!-- This site is optimized with the Yoast SEO plugin v26.8 - https:\/\/yoast.com\/product\/yoast-seo-wordpress\/ -->\n<title>Atmosph\u00e4rische Erscheinungen: Die Eisnebelhalos von Jena - Marco Rank<\/title>\n<meta name=\"description\" content=\"Beeindruckende atmosph\u00e4rische Erscheinungen - Eisnebelhalos im S\u00fcden von Jena zwischen 2017 und 2019 fotografiert von Marco Rank\" \/>\n<meta name=\"robots\" content=\"index, follow, max-snippet:-1, max-image-preview:large, max-video-preview:-1\" \/>\n<link rel=\"canonical\" href=\"https:\/\/marcorank.com\/de\/maua-halo\/\" \/>\n<meta property=\"og:locale\" content=\"de_DE\" \/>\n<meta property=\"og:type\" content=\"article\" \/>\n<meta property=\"og:title\" content=\"Atmosph\u00e4rische Erscheinungen: Die Eisnebelhalos von Jena - Marco Rank\" \/>\n<meta property=\"og:description\" content=\"Beeindruckende atmosph\u00e4rische Erscheinungen - Eisnebelhalos im S\u00fcden von Jena zwischen 2017 und 2019 fotografiert von Marco Rank\" \/>\n<meta property=\"og:url\" content=\"https:\/\/marcorank.com\/de\/maua-halo\/\" \/>\n<meta property=\"og:site_name\" content=\"Marco Rank\" \/>\n<meta property=\"article:publisher\" content=\"https:\/\/www.facebook.com\/weatherscapes\" \/>\n<meta property=\"article:author\" content=\"https:\/\/www.facebook.com\/weatherscapes\" \/>\n<meta property=\"article:published_time\" content=\"2019-02-10T11:44:00+00:00\" \/>\n<meta property=\"article:modified_time\" content=\"2021-03-01T14:04:39+00:00\" \/>\n<meta property=\"og:image\" content=\"https:\/\/marcorank.com\/wp-content\/uploads\/2020\/07\/180321-001_2048.jpg\" \/>\n\t<meta property=\"og:image:width\" content=\"2048\" \/>\n\t<meta property=\"og:image:height\" content=\"1365\" \/>\n\t<meta property=\"og:image:type\" content=\"image\/jpeg\" \/>\n<meta name=\"author\" content=\"Marco Rank\" \/>\n<meta name=\"twitter:card\" content=\"summary_large_image\" \/>\n<meta name=\"twitter:creator\" content=\"@marcorank_de\" \/>\n<meta name=\"twitter:site\" content=\"@marcorank_de\" \/>\n<meta name=\"twitter:label1\" content=\"Verfasst von\" \/>\n\t<meta name=\"twitter:data1\" content=\"Marco Rank\" \/>\n\t<meta name=\"twitter:label2\" content=\"Gesch\u00e4tzte Lesezeit\" \/>\n\t<meta name=\"twitter:data2\" content=\"13\u00a0Minuten\" \/>\n<script type=\"application\/ld+json\" class=\"yoast-schema-graph\">{\"@context\":\"https:\/\/schema.org\",\"@graph\":[{\"@type\":\"Article\",\"@id\":\"https:\/\/marcorank.com\/de\/maua-halo\/#article\",\"isPartOf\":{\"@id\":\"https:\/\/marcorank.com\/de\/maua-halo\/\"},\"author\":{\"name\":\"Marco Rank\",\"@id\":\"https:\/\/marcorank.com\/de\/#\/schema\/person\/e6961192305bf39c535d7ffd423208d4\"},\"headline\":\"Die Eisnebelhalos von Jena\",\"datePublished\":\"2019-02-10T11:44:00+00:00\",\"dateModified\":\"2021-03-01T14:04:39+00:00\",\"mainEntityOfPage\":{\"@id\":\"https:\/\/marcorank.com\/de\/maua-halo\/\"},\"wordCount\":1477,\"commentCount\":0,\"publisher\":{\"@id\":\"https:\/\/marcorank.com\/de\/#\/schema\/person\/e6961192305bf39c535d7ffd423208d4\"},\"image\":{\"@id\":\"https:\/\/marcorank.com\/de\/maua-halo\/#primaryimage\"},\"thumbnailUrl\":\"https:\/\/marcorank.com\/wp-content\/uploads\/2020\/07\/180321-001_2048.jpg\",\"keywords\":[\"Atmosph\u00e4re\",\"Eisnebel\",\"Halo\",\"Natur\",\"Winter\"],\"articleSection\":[\"Atmosph\u00e4rische Erscheinungen\",\"Deutschland\",\"Wetter\"],\"inLanguage\":\"de\",\"potentialAction\":[{\"@type\":\"CommentAction\",\"name\":\"Comment\",\"target\":[\"https:\/\/marcorank.com\/de\/maua-halo\/#respond\"]}]},{\"@type\":\"WebPage\",\"@id\":\"https:\/\/marcorank.com\/de\/maua-halo\/\",\"url\":\"https:\/\/marcorank.com\/de\/maua-halo\/\",\"name\":\"Atmosph\u00e4rische Erscheinungen: Die Eisnebelhalos von Jena - Marco Rank\",\"isPartOf\":{\"@id\":\"https:\/\/marcorank.com\/de\/#website\"},\"primaryImageOfPage\":{\"@id\":\"https:\/\/marcorank.com\/de\/maua-halo\/#primaryimage\"},\"image\":{\"@id\":\"https:\/\/marcorank.com\/de\/maua-halo\/#primaryimage\"},\"thumbnailUrl\":\"https:\/\/marcorank.com\/wp-content\/uploads\/2020\/07\/180321-001_2048.jpg\",\"datePublished\":\"2019-02-10T11:44:00+00:00\",\"dateModified\":\"2021-03-01T14:04:39+00:00\",\"description\":\"Beeindruckende atmosph\u00e4rische Erscheinungen - Eisnebelhalos im S\u00fcden von Jena zwischen 2017 und 2019 fotografiert von Marco Rank\",\"breadcrumb\":{\"@id\":\"https:\/\/marcorank.com\/de\/maua-halo\/#breadcrumb\"},\"inLanguage\":\"de\",\"potentialAction\":[{\"@type\":\"ReadAction\",\"target\":[\"https:\/\/marcorank.com\/de\/maua-halo\/\"]}]},{\"@type\":\"ImageObject\",\"inLanguage\":\"de\",\"@id\":\"https:\/\/marcorank.com\/de\/maua-halo\/#primaryimage\",\"url\":\"https:\/\/marcorank.com\/wp-content\/uploads\/2020\/07\/180321-001_2048.jpg\",\"contentUrl\":\"https:\/\/marcorank.com\/wp-content\/uploads\/2020\/07\/180321-001_2048.jpg\",\"width\":2048,\"height\":1365},{\"@type\":\"BreadcrumbList\",\"@id\":\"https:\/\/marcorank.com\/de\/maua-halo\/#breadcrumb\",\"itemListElement\":[{\"@type\":\"ListItem\",\"position\":1,\"name\":\"Home\",\"item\":\"https:\/\/marcorank.com\/de\/\"},{\"@type\":\"ListItem\",\"position\":2,\"name\":\"Die Eisnebelhalos von Jena\"}]},{\"@type\":\"WebSite\",\"@id\":\"https:\/\/marcorank.com\/de\/#website\",\"url\":\"https:\/\/marcorank.com\/de\/\",\"name\":\"Marco Rank\",\"description\":\"Weather Photographer\",\"publisher\":{\"@id\":\"https:\/\/marcorank.com\/de\/#\/schema\/person\/e6961192305bf39c535d7ffd423208d4\"},\"potentialAction\":[{\"@type\":\"SearchAction\",\"target\":{\"@type\":\"EntryPoint\",\"urlTemplate\":\"https:\/\/marcorank.com\/de\/?s={search_term_string}\"},\"query-input\":{\"@type\":\"PropertyValueSpecification\",\"valueRequired\":true,\"valueName\":\"search_term_string\"}}],\"inLanguage\":\"de\"},{\"@type\":[\"Person\",\"Organization\"],\"@id\":\"https:\/\/marcorank.com\/de\/#\/schema\/person\/e6961192305bf39c535d7ffd423208d4\",\"name\":\"Marco Rank\",\"logo\":{\"@id\":\"https:\/\/marcorank.com\/de\/#\/schema\/person\/image\/\"},\"sameAs\":[\"https:\/\/marcorank.com\",\"https:\/\/www.facebook.com\/weatherscapes\",\"https:\/\/www.instagram.com\/marcorank\",\"https:\/\/x.com\/marcorank_de\",\"https:\/\/www.youtube.com\/c\/marcorank\"]}]}<\/script>\n<!-- \/ Yoast SEO plugin. -->","yoast_head_json":{"title":"Atmosph\u00e4rische Erscheinungen: Die Eisnebelhalos von Jena - Marco Rank","description":"Beeindruckende atmosph\u00e4rische Erscheinungen - Eisnebelhalos im S\u00fcden von Jena zwischen 2017 und 2019 fotografiert von Marco Rank","robots":{"index":"index","follow":"follow","max-snippet":"max-snippet:-1","max-image-preview":"max-image-preview:large","max-video-preview":"max-video-preview:-1"},"canonical":"https:\/\/marcorank.com\/de\/maua-halo\/","og_locale":"de_DE","og_type":"article","og_title":"Atmosph\u00e4rische Erscheinungen: Die Eisnebelhalos von Jena - Marco Rank","og_description":"Beeindruckende atmosph\u00e4rische Erscheinungen - Eisnebelhalos im S\u00fcden von Jena zwischen 2017 und 2019 fotografiert von Marco Rank","og_url":"https:\/\/marcorank.com\/de\/maua-halo\/","og_site_name":"Marco Rank","article_publisher":"https:\/\/www.facebook.com\/weatherscapes","article_author":"https:\/\/www.facebook.com\/weatherscapes","article_published_time":"2019-02-10T11:44:00+00:00","article_modified_time":"2021-03-01T14:04:39+00:00","og_image":[{"width":2048,"height":1365,"url":"https:\/\/marcorank.com\/wp-content\/uploads\/2020\/07\/180321-001_2048.jpg","type":"image\/jpeg"}],"author":"Marco Rank","twitter_card":"summary_large_image","twitter_creator":"@marcorank_de","twitter_site":"@marcorank_de","twitter_misc":{"Verfasst von":"Marco Rank","Gesch\u00e4tzte Lesezeit":"13\u00a0Minuten"},"schema":{"@context":"https:\/\/schema.org","@graph":[{"@type":"Article","@id":"https:\/\/marcorank.com\/de\/maua-halo\/#article","isPartOf":{"@id":"https:\/\/marcorank.com\/de\/maua-halo\/"},"author":{"name":"Marco Rank","@id":"https:\/\/marcorank.com\/de\/#\/schema\/person\/e6961192305bf39c535d7ffd423208d4"},"headline":"Die Eisnebelhalos von Jena","datePublished":"2019-02-10T11:44:00+00:00","dateModified":"2021-03-01T14:04:39+00:00","mainEntityOfPage":{"@id":"https:\/\/marcorank.com\/de\/maua-halo\/"},"wordCount":1477,"commentCount":0,"publisher":{"@id":"https:\/\/marcorank.com\/de\/#\/schema\/person\/e6961192305bf39c535d7ffd423208d4"},"image":{"@id":"https:\/\/marcorank.com\/de\/maua-halo\/#primaryimage"},"thumbnailUrl":"https:\/\/marcorank.com\/wp-content\/uploads\/2020\/07\/180321-001_2048.jpg","keywords":["Atmosph\u00e4re","Eisnebel","Halo","Natur","Winter"],"articleSection":["Atmosph\u00e4rische Erscheinungen","Deutschland","Wetter"],"inLanguage":"de","potentialAction":[{"@type":"CommentAction","name":"Comment","target":["https:\/\/marcorank.com\/de\/maua-halo\/#respond"]}]},{"@type":"WebPage","@id":"https:\/\/marcorank.com\/de\/maua-halo\/","url":"https:\/\/marcorank.com\/de\/maua-halo\/","name":"Atmosph\u00e4rische Erscheinungen: Die Eisnebelhalos von Jena - Marco Rank","isPartOf":{"@id":"https:\/\/marcorank.com\/de\/#website"},"primaryImageOfPage":{"@id":"https:\/\/marcorank.com\/de\/maua-halo\/#primaryimage"},"image":{"@id":"https:\/\/marcorank.com\/de\/maua-halo\/#primaryimage"},"thumbnailUrl":"https:\/\/marcorank.com\/wp-content\/uploads\/2020\/07\/180321-001_2048.jpg","datePublished":"2019-02-10T11:44:00+00:00","dateModified":"2021-03-01T14:04:39+00:00","description":"Beeindruckende atmosph\u00e4rische Erscheinungen - Eisnebelhalos im S\u00fcden von Jena zwischen 2017 und 2019 fotografiert von Marco Rank","breadcrumb":{"@id":"https:\/\/marcorank.com\/de\/maua-halo\/#breadcrumb"},"inLanguage":"de","potentialAction":[{"@type":"ReadAction","target":["https:\/\/marcorank.com\/de\/maua-halo\/"]}]},{"@type":"ImageObject","inLanguage":"de","@id":"https:\/\/marcorank.com\/de\/maua-halo\/#primaryimage","url":"https:\/\/marcorank.com\/wp-content\/uploads\/2020\/07\/180321-001_2048.jpg","contentUrl":"https:\/\/marcorank.com\/wp-content\/uploads\/2020\/07\/180321-001_2048.jpg","width":2048,"height":1365},{"@type":"BreadcrumbList","@id":"https:\/\/marcorank.com\/de\/maua-halo\/#breadcrumb","itemListElement":[{"@type":"ListItem","position":1,"name":"Home","item":"https:\/\/marcorank.com\/de\/"},{"@type":"ListItem","position":2,"name":"Die Eisnebelhalos von Jena"}]},{"@type":"WebSite","@id":"https:\/\/marcorank.com\/de\/#website","url":"https:\/\/marcorank.com\/de\/","name":"Marco Rank","description":"Weather Photographer","publisher":{"@id":"https:\/\/marcorank.com\/de\/#\/schema\/person\/e6961192305bf39c535d7ffd423208d4"},"potentialAction":[{"@type":"SearchAction","target":{"@type":"EntryPoint","urlTemplate":"https:\/\/marcorank.com\/de\/?s={search_term_string}"},"query-input":{"@type":"PropertyValueSpecification","valueRequired":true,"valueName":"search_term_string"}}],"inLanguage":"de"},{"@type":["Person","Organization"],"@id":"https:\/\/marcorank.com\/de\/#\/schema\/person\/e6961192305bf39c535d7ffd423208d4","name":"Marco Rank","logo":{"@id":"https:\/\/marcorank.com\/de\/#\/schema\/person\/image\/"},"sameAs":["https:\/\/marcorank.com","https:\/\/www.facebook.com\/weatherscapes","https:\/\/www.instagram.com\/marcorank","https:\/\/x.com\/marcorank_de","https:\/\/www.youtube.com\/c\/marcorank"]}]}},"_links":{"self":[{"href":"https:\/\/marcorank.com\/de\/wp-json\/wp\/v2\/posts\/6028","targetHints":{"allow":["GET"]}}],"collection":[{"href":"https:\/\/marcorank.com\/de\/wp-json\/wp\/v2\/posts"}],"about":[{"href":"https:\/\/marcorank.com\/de\/wp-json\/wp\/v2\/types\/post"}],"author":[{"embeddable":true,"href":"https:\/\/marcorank.com\/de\/wp-json\/wp\/v2\/users\/1"}],"replies":[{"embeddable":true,"href":"https:\/\/marcorank.com\/de\/wp-json\/wp\/v2\/comments?post=6028"}],"version-history":[{"count":10,"href":"https:\/\/marcorank.com\/de\/wp-json\/wp\/v2\/posts\/6028\/revisions"}],"predecessor-version":[{"id":9382,"href":"https:\/\/marcorank.com\/de\/wp-json\/wp\/v2\/posts\/6028\/revisions\/9382"}],"wp:featuredmedia":[{"embeddable":true,"href":"https:\/\/marcorank.com\/de\/wp-json\/wp\/v2\/media\/6337"}],"wp:attachment":[{"href":"https:\/\/marcorank.com\/de\/wp-json\/wp\/v2\/media?parent=6028"}],"wp:term":[{"taxonomy":"category","embeddable":true,"href":"https:\/\/marcorank.com\/de\/wp-json\/wp\/v2\/categories?post=6028"},{"taxonomy":"post_tag","embeddable":true,"href":"https:\/\/marcorank.com\/de\/wp-json\/wp\/v2\/tags?post=6028"}],"curies":[{"name":"wp","href":"https:\/\/api.w.org\/{rel}","templated":true}]}}